{"id":1977,"date":"2017-04-05T08:28:10","date_gmt":"2017-04-05T06:28:10","guid":{"rendered":"http:\/\/www.zsnovarole.cz\/?p=1977"},"modified":"2017-04-18T17:06:37","modified_gmt":"2017-04-18T15:06:37","slug":"den-otevrenych-dveri","status":"publish","type":"post","link":"https:\/\/www.zsnovarole.cz\/?p=1977","title":{"rendered":"Den otev\u0159en\u00fdch dve\u0159\u00ed"},"content":{"rendered":"<p>11. dubna 2017 se otev\u0159ely dve\u0159e na\u0161\u00ed \u0161koly nejen \u017e\u00e1k\u016fm, ale i \u0161irok\u00e9 ve\u0159ejnosti. Den otev\u0159en\u00fdch dve\u0159\u00ed za\u010dal ofici\u00e1ln\u011b v 16 hodin, ale mnoz\u00ed z\u00e1jemci p\u0159ich\u00e1zeli ji\u017e podstatn\u011b d\u0159\u00edve. Akci zah\u00e1jila pan\u00ed \u0159editelka, p\u0159\u00edtomna byla i starostka a m\u00edstostarosta m\u011bsta. Nejprve n\u00e1v\u0161t\u011bvn\u00edky \u010dekalo kr\u00e1tk\u00e9 divadeln\u00ed p\u0159edstaven\u00ed \u017e\u00e1k\u016f 1. stupn\u011b a pak u\u017e se mohli po skupink\u00e1ch rozej\u00edt do jednotliv\u00fdch t\u0159\u00edd, kde pod dohledem vyu\u010duj\u00edc\u00edch a \u017e\u00e1k\u016f \u0161koly d\u011blali r\u016fzn\u00e9 \u00fakoly, tvo\u0159ili si v\u00fdrobky \u010di sout\u011b\u017eili. Za spln\u011bn\u00ed t\u011bchto \u00fakol\u016f dost\u00e1vali raz\u00edtka a nakonec obdr\u017eeli certifik\u00e1t &#8211; Pro\u0161el\/Pro\u0161la jsem z\u00e1kladkou. Kone\u010dn\u00e1 stanice byla kuchy\u0148ka, kde n\u00e1v\u0161t\u011bvn\u00edky \u010dekalo ob\u010derstven\u00ed p\u0159ipraven\u00e9 \u017e\u00e1ky a \u017e\u00e1kyn\u011bmi 9. t\u0159\u00edd. Celkov\u00e1 \u00fa\u010dast byla nez\u00e1vislou statistickou agenturou odhadnuta na 200 lid\u00ed. Podle ohlas\u016f zaznamenan\u00fdch nez\u00e1vislou sociologickou agenturou se akce velmi vyda\u0159ila. T\u011b\u0161\u00edme se na dal\u0161\u00ed setk\u00e1n\u00ed.<\/p>\n<p><a href=\"http:\/\/www.zsnovarole.cz\/?page_id=2006\">Fotogalerie z p\u0159\u00edpravy ob\u010derstven\u00ed zde<\/a>.<\/p>\n<p><a href=\"http:\/\/www.zsnovarole.cz\/?page_id=2102&amp;preview=true\">Fotogalerie z akce je zde.<\/a><\/p>\n<p><a href=\"http:\/\/www.zsnovarole.cz\/wp-content\/uploads\/2017\/04\/dod-plak\u00e1tek-001.jpg\"><img decoding=\"async\" loading=\"lazy\" class=\"alignnone size-large wp-image-1978\" src=\"http:\/\/www.zsnovarole.cz\/wp-content\/uploads\/2017\/04\/dod-plak\u00e1tek-001-722x1024.jpg\" alt=\"\" width=\"722\" height=\"1024\" srcset=\"https:\/\/www.zsnovarole.cz\/wp-content\/uploads\/2017\/04\/dod-plak\u00e1tek-001-722x1024.jpg 722w, https:\/\/www.zsnovarole.cz\/wp-content\/uploads\/2017\/04\/dod-plak\u00e1tek-001-211x300.jpg 211w, https:\/\/www.zsnovarole.cz\/wp-content\/uploads\/2017\/04\/dod-plak\u00e1tek-001-768x1090.jpg 768w, https:\/\/www.zsnovarole.cz\/wp-content\/uploads\/2017\/04\/dod-plak\u00e1tek-001.jpg 1639w\" sizes=\"(max-width: 722px) 100vw, 722px\" \/><\/a><\/p>\n","protected":false},"excerpt":{"rendered":"<p>11. dubna 2017 se otev\u0159ely dve\u0159e na\u0161\u00ed \u0161koly nejen \u017e\u00e1k\u016fm, ale i \u0161irok\u00e9 ve\u0159ejnosti. Den otev\u0159en\u00fdch dve\u0159\u00ed za\u010dal ofici\u00e1ln\u011b v 16 hodin, ale mnoz\u00ed z\u00e1jemci p\u0159ich\u00e1zeli ji\u017e podstatn\u011b d\u0159\u00edve. Akci zah\u00e1jila pan\u00ed \u0159editelka, p\u0159\u00edtomna byla i starostka a m\u00edstostarosta m\u011bsta. Nejprve n\u00e1v\u0161t\u011bvn\u00edky \u010dekalo kr\u00e1tk\u00e9 divadeln\u00ed p\u0159edstaven\u00ed \u017e\u00e1k\u016f 1. stupn\u011b a pak u\u017e se mohli po skupink\u00e1ch rozej\u00edt do jednotliv\u00fdch t\u0159\u00edd,<\/p>\n","protected":false},"author":2,"featured_media":0,"comment_status":"closed","ping_status":"closed","sticky":false,"template":"","format":"standard","meta":[],"categories":[1],"tags":[],"jetpack_featured_media_url":"","_links":{"self":[{"href":"https:\/\/www.zsnovarole.cz\/index.php?rest_route=\/wp\/v2\/posts\/1977"}],"collection":[{"href":"https:\/\/www.zsnovarole.cz\/index.php?rest_route=\/wp\/v2\/posts"}],"about":[{"href":"https:\/\/www.zsnovarole.cz\/index.php?rest_route=\/wp\/v2\/types\/post"}],"author":[{"embeddable":true,"href":"https:\/\/www.zsnovarole.cz\/index.php?rest_route=\/wp\/v2\/users\/2"}],"replies":[{"embeddable":true,"href":"https:\/\/www.zsnovarole.cz\/index.php?rest_route=%2Fwp%2Fv2%2Fcomments&post=1977"}],"version-history":[{"count":6,"href":"https:\/\/www.zsnovarole.cz\/index.php?rest_route=\/wp\/v2\/posts\/1977\/revisions"}],"predecessor-version":[{"id":2115,"href":"https:\/\/www.zsnovarole.cz\/index.php?rest_route=\/wp\/v2\/posts\/1977\/revisions\/2115"}],"wp:attachment":[{"href":"https:\/\/www.zsnovarole.cz\/index.php?rest_route=%2Fwp%2Fv2%2Fmedia&parent=1977"}],"wp:term":[{"taxonomy":"category","embeddable":true,"href":"https:\/\/www.zsnovarole.cz\/index.php?rest_route=%2Fwp%2Fv2%2Fcategories&post=1977"},{"taxonomy":"post_tag","embeddable":true,"href":"https:\/\/www.zsnovarole.cz\/index.php?rest_route=%2Fwp%2Fv2%2Ftags&post=1977"}],"curies":[{"name":"wp","href":"https:\/\/api.w.org\/{rel}","templated":true}]}}