{"id":2293,"date":"2017-06-16T14:13:22","date_gmt":"2017-06-16T12:13:22","guid":{"rendered":"http:\/\/www.zsnovarole.cz\/?p=2293"},"modified":"2017-06-16T14:20:52","modified_gmt":"2017-06-16T12:20:52","slug":"hasenpokal","status":"publish","type":"post","link":"https:\/\/www.zsnovarole.cz\/?p=2293","title":{"rendered":"Hasenpokal 2017"},"content":{"rendered":"<p>15. \u010dervna 2017 prob\u011bhl tradi\u010dn\u00ed turnaj Hasenpokal, tentokr\u00e1t byla hostitelem na\u0161e \u0161kola a t\u00fdmy z Breitenbrunnu a Tou\u017eimi p\u0159ijely k n\u00e1m. Sout\u011b\u017eilo se v obvykl\u00fdch dvou discipl\u00edn\u00e1ch &#8211; p\u0159ehazovan\u00e9 a fotbalu. Bojuj\u00ed mezi sebou dru\u017estva slo\u017een\u00e1 z\u00a0\u017e\u00e1k\u016f 6. t\u0159\u00edd. Na\u0161im d\u011bv\u010dat\u016fm se v p\u0159ehazovan\u00e9 celkem da\u0159ilo, obsadila 2. m\u00edsto, kdy\u017e podlehla Tou\u017eimi a porazila Breitenbrunn. Kluci sice bojovali, ale na lep\u0161\u00ed ne\u017e 3. m\u00edsto to nesta\u010dilo. P\u0159\u00ed\u0161t\u00ed rok host\u00ed Hasenpokal Goethe-Schule Breitenbrunn, tak douf\u00e1me, \u017ee kone\u010dn\u011b vyhrajeme.<\/p>\n<p><a href=\"http:\/\/www.zsnovarole.cz\/?attachment_id=2294\" rel=\"attachment wp-att-2294\"><img decoding=\"async\" loading=\"lazy\" class=\"alignnone size-large wp-image-2294\" src=\"http:\/\/www.zsnovarole.cz\/wp-content\/uploads\/2017\/06\/19204796_1227974177324716_516693424_o-1024x576.jpg\" alt=\"\" width=\"860\" height=\"484\" srcset=\"https:\/\/www.zsnovarole.cz\/wp-content\/uploads\/2017\/06\/19204796_1227974177324716_516693424_o-1024x576.jpg 1024w, https:\/\/www.zsnovarole.cz\/wp-content\/uploads\/2017\/06\/19204796_1227974177324716_516693424_o-300x169.jpg 300w, https:\/\/www.zsnovarole.cz\/wp-content\/uploads\/2017\/06\/19204796_1227974177324716_516693424_o-768x432.jpg 768w, https:\/\/www.zsnovarole.cz\/wp-content\/uploads\/2017\/06\/19204796_1227974177324716_516693424_o.jpg 1152w\" sizes=\"(max-width: 860px) 100vw, 860px\" \/><\/a><\/p>\n","protected":false},"excerpt":{"rendered":"<p>15. \u010dervna 2017 prob\u011bhl tradi\u010dn\u00ed turnaj Hasenpokal, tentokr\u00e1t byla hostitelem na\u0161e \u0161kola a t\u00fdmy z Breitenbrunnu a Tou\u017eimi p\u0159ijely k n\u00e1m. Sout\u011b\u017eilo se v obvykl\u00fdch dvou discipl\u00edn\u00e1ch &#8211; p\u0159ehazovan\u00e9 a fotbalu. Bojuj\u00ed mezi sebou dru\u017estva slo\u017een\u00e1 z\u00a0\u017e\u00e1k\u016f 6. t\u0159\u00edd. Na\u0161im d\u011bv\u010dat\u016fm se v p\u0159ehazovan\u00e9 celkem da\u0159ilo, obsadila 2. m\u00edsto, kdy\u017e podlehla Tou\u017eimi a porazila Breitenbrunn. Kluci sice bojovali, ale na<\/p>\n","protected":false},"author":2,"featured_media":0,"comment_status":"open","ping_status":"closed","sticky":false,"template":"","format":"standard","meta":[],"categories":[1],"tags":[],"jetpack_featured_media_url":"","_links":{"self":[{"href":"https:\/\/www.zsnovarole.cz\/index.php?rest_route=\/wp\/v2\/posts\/2293"}],"collection":[{"href":"https:\/\/www.zsnovarole.cz\/index.php?rest_route=\/wp\/v2\/posts"}],"about":[{"href":"https:\/\/www.zsnovarole.cz\/index.php?rest_route=\/wp\/v2\/types\/post"}],"author":[{"embeddable":true,"href":"https:\/\/www.zsnovarole.cz\/index.php?rest_route=\/wp\/v2\/users\/2"}],"replies":[{"embeddable":true,"href":"https:\/\/www.zsnovarole.cz\/index.php?rest_route=%2Fwp%2Fv2%2Fcomments&post=2293"}],"version-history":[{"count":3,"href":"https:\/\/www.zsnovarole.cz\/index.php?rest_route=\/wp\/v2\/posts\/2293\/revisions"}],"predecessor-version":[{"id":2298,"href":"https:\/\/www.zsnovarole.cz\/index.php?rest_route=\/wp\/v2\/posts\/2293\/revisions\/2298"}],"wp:attachment":[{"href":"https:\/\/www.zsnovarole.cz\/index.php?rest_route=%2Fwp%2Fv2%2Fmedia&parent=2293"}],"wp:term":[{"taxonomy":"category","embeddable":true,"href":"https:\/\/www.zsnovarole.cz\/index.php?rest_route=%2Fwp%2Fv2%2Fcategories&post=2293"},{"taxonomy":"post_tag","embeddable":true,"href":"https:\/\/www.zsnovarole.cz\/index.php?rest_route=%2Fwp%2Fv2%2Ftags&post=2293"}],"curies":[{"name":"wp","href":"https:\/\/api.w.org\/{rel}","templated":true}]}}