{"id":3187,"date":"2018-12-14T15:23:56","date_gmt":"2018-12-14T14:23:56","guid":{"rendered":"https:\/\/www.zsnovarole.cz\/?p=3187"},"modified":"2018-12-14T15:38:44","modified_gmt":"2018-12-14T14:38:44","slug":"projekt-ke-100-vyroci-ceskoslovenska","status":"publish","type":"post","link":"https:\/\/www.zsnovarole.cz\/?p=3187","title":{"rendered":"Projekt ke 100. v\u00fdro\u010d\u00ed \u010ceskoslovenska"},"content":{"rendered":"<p>Oslavy 100. v\u00fdro\u010d\u00ed vzniku republiky<\/p>\n<p>9. listopadu prob\u011bhla na druh\u00e9m stupni Z\u0160 Nov\u00e1 Role oslava v\u00fdro\u010d\u00ed vzniku \u010ceskoslovenska. \u017d\u00e1ci se pod veden\u00edm\u00a0u\u010ditel\u016f sezn\u00e1mili s\u00a0n\u011bkter\u00fdmi oblastmi \u017eivota v \u010ceskoslovensku. Pokusili se uva\u0159it podle receptur prvn\u00ed republiky, sezn\u00e1mili se s\u00a0n\u011bkolika v\u00fdznamn\u00fdmi osobnostmi, objeviteli a v\u011bdci. Zjistili, kolik v\u00fdznamn\u00fdch sportovc\u016f m\u011bla na\u0161e republika v\u00a0pr\u016fb\u011bhu stolet\u00ed, jak\u00e1 m\u00f3da se nosila za prvn\u00ed republiky, kdo byli v\u0161ichni na\u0161i prezidenti atd.<\/p>\n<p>V\u00a0pr\u016fb\u011bhu dne v\u0161echny t\u0159\u00eddy nav\u0161t\u00edvily velmi povedenou v\u00fdstavu v\u00a0knihovn\u011b Nov\u00e1 Role 100. v\u00fdro\u010d\u00ed vzniku \u010ceskoslovenska. M\u011bli mo\u017enost se porozhl\u00e9dnout po Nov\u00e9 Roli prost\u0159ednictv\u00edm dobov\u00fdch fotografi\u00ed, n\u011bkter\u00fdch dokument\u016f a uv\u011bdomit si tak, jakou slo\u017eitou cestou pro\u0161lo m\u011bsto v pr\u016fb\u011bhu 100 let.<\/p>\n","protected":false},"excerpt":{"rendered":"<p>Oslavy 100. v\u00fdro\u010d\u00ed vzniku republiky 9. listopadu prob\u011bhla na druh\u00e9m stupni Z\u0160 Nov\u00e1 Role oslava v\u00fdro\u010d\u00ed vzniku \u010ceskoslovenska. \u017d\u00e1ci se pod veden\u00edm\u00a0u\u010ditel\u016f sezn\u00e1mili s\u00a0n\u011bkter\u00fdmi oblastmi \u017eivota v \u010ceskoslovensku. Pokusili se uva\u0159it podle receptur prvn\u00ed republiky, sezn\u00e1mili se s\u00a0n\u011bkolika v\u00fdznamn\u00fdmi osobnostmi, objeviteli a v\u011bdci. Zjistili, kolik v\u00fdznamn\u00fdch sportovc\u016f m\u011bla na\u0161e republika v\u00a0pr\u016fb\u011bhu stolet\u00ed, jak\u00e1 m\u00f3da se nosila za prvn\u00ed republiky, kdo<\/p>\n","protected":false},"author":2,"featured_media":0,"comment_status":"open","ping_status":"closed","sticky":false,"template":"","format":"standard","meta":[],"categories":[1],"tags":[],"jetpack_featured_media_url":"","_links":{"self":[{"href":"https:\/\/www.zsnovarole.cz\/index.php?rest_route=\/wp\/v2\/posts\/3187"}],"collection":[{"href":"https:\/\/www.zsnovarole.cz\/index.php?rest_route=\/wp\/v2\/posts"}],"about":[{"href":"https:\/\/www.zsnovarole.cz\/index.php?rest_route=\/wp\/v2\/types\/post"}],"author":[{"embeddable":true,"href":"https:\/\/www.zsnovarole.cz\/index.php?rest_route=\/wp\/v2\/users\/2"}],"replies":[{"embeddable":true,"href":"https:\/\/www.zsnovarole.cz\/index.php?rest_route=%2Fwp%2Fv2%2Fcomments&post=3187"}],"version-history":[{"count":1,"href":"https:\/\/www.zsnovarole.cz\/index.php?rest_route=\/wp\/v2\/posts\/3187\/revisions"}],"predecessor-version":[{"id":3188,"href":"https:\/\/www.zsnovarole.cz\/index.php?rest_route=\/wp\/v2\/posts\/3187\/revisions\/3188"}],"wp:attachment":[{"href":"https:\/\/www.zsnovarole.cz\/index.php?rest_route=%2Fwp%2Fv2%2Fmedia&parent=3187"}],"wp:term":[{"taxonomy":"category","embeddable":true,"href":"https:\/\/www.zsnovarole.cz\/index.php?rest_route=%2Fwp%2Fv2%2Fcategories&post=3187"},{"taxonomy":"post_tag","embeddable":true,"href":"https:\/\/www.zsnovarole.cz\/index.php?rest_route=%2Fwp%2Fv2%2Ftags&post=3187"}],"curies":[{"name":"wp","href":"https:\/\/api.w.org\/{rel}","templated":true}]}}