{"id":3189,"date":"2018-12-14T15:39:24","date_gmt":"2018-12-14T14:39:24","guid":{"rendered":"https:\/\/www.zsnovarole.cz\/?p=3189"},"modified":"2018-12-14T15:39:24","modified_gmt":"2018-12-14T14:39:24","slug":"5-a-a-5-b-v-naprstkove-muzeu","status":"publish","type":"post","link":"https:\/\/www.zsnovarole.cz\/?p=3189","title":{"rendered":"5.A a 5.B v N\u00e1prstkov\u011b muzeu"},"content":{"rendered":"<p><strong>5.A a 5.B v\u00a0N\u00e1prstkov\u011b muzeu v\u00a0Praze<\/strong><\/p>\n<p>Na podzim jela na\u0161e t\u0159\u00edda 5.A spole\u010dn\u011b s\u00a05.B v\u00a0r\u00e1mci projektu Pam\u011b\u0165ov\u00e9 instituce do N\u00e1prstkova muzea. Po p\u0159\u00edjezdu do Prahy jsme se s\u00a0druhou t\u0159\u00eddou rozd\u011blili a my jsme se \u0161li proj\u00edt na Kampu a na Karl\u016fv most. Potom jsme se ji\u017e vydali do N\u00e1prstkova muzea, kde jsme st\u0159\u00eddali 5.B a kde pro n\u00e1s byla p\u0159ipravena p\u0159edn\u00e1\u0161ka o Austr\u00e1lii a Oce\u00e1nii. V\u00a0muzeu je vystaveno p\u0159es 6000 p\u0159edm\u011bt\u016f, nap\u0159. zbran\u011b ze \u017eralo\u010d\u00edch zub\u016f, helma z\u00a0je\u017e\u00edka, brn\u011bn\u00ed z\u00a0b\u00fdka. N\u011bkter\u00e9 jsme si mohli i osahat a tak\u00e9 jsme se v\u0161ichni pokusili vyk\u0159esat jiskru. Po zaj\u00edmav\u00e9 v\u00fdstav\u011b jsme si \u0161li proj\u00edt podzimn\u00ed Prahou. Vid\u011bli jsme N\u00e1rodn\u00ed divadlo, pam\u00e1tn\u00edk 17. listopadu na N\u00e1rodn\u00ed t\u0159\u00edd\u011b, na V\u00e1clavsk\u00e9m n\u00e1m\u011bst\u00ed jsme se se\u0161li pod sochou sv. V\u00e1clava s\u00a0druhou t\u0159\u00eddou a na Starom\u011bstsk\u00e9m n\u00e1m\u011bst\u00ed jsme si po\u010dkali na odb\u00edjen\u00ed orloje. Pak u\u017e n\u00e1s \u010dekalo metro a cesta dvoupatrov\u00fdm autobusem dom\u016f. Pro\u017eili jsme hezk\u00fd den a zase n\u011bco nov\u00e9ho za\u017eili.<\/p>\n<p>B\u00e1ra, Emma, Lenka, Monika z\u00a05.A<\/p>\n","protected":false},"excerpt":{"rendered":"<p>5.A a 5.B v\u00a0N\u00e1prstkov\u011b muzeu v\u00a0Praze Na podzim jela na\u0161e t\u0159\u00edda 5.A spole\u010dn\u011b s\u00a05.B v\u00a0r\u00e1mci projektu Pam\u011b\u0165ov\u00e9 instituce do N\u00e1prstkova muzea. Po p\u0159\u00edjezdu do Prahy jsme se s\u00a0druhou t\u0159\u00eddou rozd\u011blili a my jsme se \u0161li proj\u00edt na Kampu a na Karl\u016fv most. Potom jsme se ji\u017e vydali do N\u00e1prstkova muzea, kde jsme st\u0159\u00eddali 5.B a kde pro n\u00e1s byla p\u0159ipravena<\/p>\n","protected":false},"author":2,"featured_media":0,"comment_status":"open","ping_status":"closed","sticky":false,"template":"","format":"standard","meta":[],"categories":[1],"tags":[],"jetpack_featured_media_url":"","_links":{"self":[{"href":"https:\/\/www.zsnovarole.cz\/index.php?rest_route=\/wp\/v2\/posts\/3189"}],"collection":[{"href":"https:\/\/www.zsnovarole.cz\/index.php?rest_route=\/wp\/v2\/posts"}],"about":[{"href":"https:\/\/www.zsnovarole.cz\/index.php?rest_route=\/wp\/v2\/types\/post"}],"author":[{"embeddable":true,"href":"https:\/\/www.zsnovarole.cz\/index.php?rest_route=\/wp\/v2\/users\/2"}],"replies":[{"embeddable":true,"href":"https:\/\/www.zsnovarole.cz\/index.php?rest_route=%2Fwp%2Fv2%2Fcomments&post=3189"}],"version-history":[{"count":1,"href":"https:\/\/www.zsnovarole.cz\/index.php?rest_route=\/wp\/v2\/posts\/3189\/revisions"}],"predecessor-version":[{"id":3190,"href":"https:\/\/www.zsnovarole.cz\/index.php?rest_route=\/wp\/v2\/posts\/3189\/revisions\/3190"}],"wp:attachment":[{"href":"https:\/\/www.zsnovarole.cz\/index.php?rest_route=%2Fwp%2Fv2%2Fmedia&parent=3189"}],"wp:term":[{"taxonomy":"category","embeddable":true,"href":"https:\/\/www.zsnovarole.cz\/index.php?rest_route=%2Fwp%2Fv2%2Fcategories&post=3189"},{"taxonomy":"post_tag","embeddable":true,"href":"https:\/\/www.zsnovarole.cz\/index.php?rest_route=%2Fwp%2Fv2%2Ftags&post=3189"}],"curies":[{"name":"wp","href":"https:\/\/api.w.org\/{rel}","templated":true}]}}