{"id":3227,"date":"2019-01-07T18:47:35","date_gmt":"2019-01-07T17:47:35","guid":{"rendered":"https:\/\/www.zsnovarole.cz\/?p=3227"},"modified":"2019-01-07T18:48:14","modified_gmt":"2019-01-07T17:48:14","slug":"vychovny-koncert","status":"publish","type":"post","link":"https:\/\/www.zsnovarole.cz\/?p=3227","title":{"rendered":"V\u00fdchovn\u00fd koncert"},"content":{"rendered":"<p>Ve \u010dtvrtek 20. 12. 2018 se v\u00a0L\u00e1zn\u00edch III. v Karlov\u00fdch Varech \u017e\u00e1ci 7.-9. t\u0159\u00edd z\u00fa\u010dastnili v\u00fdchovn\u00e9ho koncertu s\u00a0n\u00e1zvem S\u00f3lo pro lidsk\u00fd hlas. Nejstar\u0161\u00ed hudebn\u00ed n\u00e1stroj &#8211; lidsk\u00fd hlas &#8211; byl v\u00a0tomto programu reprezentovan\u00fd vok\u00e1ln\u00edm kvartetem za doprovodu jazzov\u00e9ho tria. Poslucha\u010di byli sezn\u00e1meni s\u00a0druhy lidsk\u00fdch hlas\u016f a nejr\u016fzn\u011bj\u0161\u00edmi hudebn\u00edmi styly, zazn\u011bla swingov\u00e1 hudba i jazzov\u00e9 \u00fapravy v\u00e1no\u010dn\u00edch p\u00edsn\u00ed, kter\u00e9 nastolily tu pravou p\u0159edv\u00e1no\u010dn\u00ed atmosf\u00e9ru.\u00a0 Mgr. Denisa Slav\u00edkov\u00e1<\/p>\n","protected":false},"excerpt":{"rendered":"<p>Ve \u010dtvrtek 20. 12. 2018 se v\u00a0L\u00e1zn\u00edch III. v Karlov\u00fdch Varech \u017e\u00e1ci 7.-9. t\u0159\u00edd z\u00fa\u010dastnili v\u00fdchovn\u00e9ho koncertu s\u00a0n\u00e1zvem S\u00f3lo pro lidsk\u00fd hlas. Nejstar\u0161\u00ed hudebn\u00ed n\u00e1stroj &#8211; lidsk\u00fd hlas &#8211; byl v\u00a0tomto programu reprezentovan\u00fd vok\u00e1ln\u00edm kvartetem za doprovodu jazzov\u00e9ho tria. Poslucha\u010di byli sezn\u00e1meni s\u00a0druhy lidsk\u00fdch hlas\u016f a nejr\u016fzn\u011bj\u0161\u00edmi hudebn\u00edmi styly, zazn\u011bla swingov\u00e1 hudba i jazzov\u00e9 \u00fapravy v\u00e1no\u010dn\u00edch p\u00edsn\u00ed, kter\u00e9 nastolily tu<\/p>\n","protected":false},"author":2,"featured_media":0,"comment_status":"open","ping_status":"closed","sticky":false,"template":"","format":"standard","meta":[],"categories":[1],"tags":[],"jetpack_featured_media_url":"","_links":{"self":[{"href":"https:\/\/www.zsnovarole.cz\/index.php?rest_route=\/wp\/v2\/posts\/3227"}],"collection":[{"href":"https:\/\/www.zsnovarole.cz\/index.php?rest_route=\/wp\/v2\/posts"}],"about":[{"href":"https:\/\/www.zsnovarole.cz\/index.php?rest_route=\/wp\/v2\/types\/post"}],"author":[{"embeddable":true,"href":"https:\/\/www.zsnovarole.cz\/index.php?rest_route=\/wp\/v2\/users\/2"}],"replies":[{"embeddable":true,"href":"https:\/\/www.zsnovarole.cz\/index.php?rest_route=%2Fwp%2Fv2%2Fcomments&post=3227"}],"version-history":[{"count":2,"href":"https:\/\/www.zsnovarole.cz\/index.php?rest_route=\/wp\/v2\/posts\/3227\/revisions"}],"predecessor-version":[{"id":3229,"href":"https:\/\/www.zsnovarole.cz\/index.php?rest_route=\/wp\/v2\/posts\/3227\/revisions\/3229"}],"wp:attachment":[{"href":"https:\/\/www.zsnovarole.cz\/index.php?rest_route=%2Fwp%2Fv2%2Fmedia&parent=3227"}],"wp:term":[{"taxonomy":"category","embeddable":true,"href":"https:\/\/www.zsnovarole.cz\/index.php?rest_route=%2Fwp%2Fv2%2Fcategories&post=3227"},{"taxonomy":"post_tag","embeddable":true,"href":"https:\/\/www.zsnovarole.cz\/index.php?rest_route=%2Fwp%2Fv2%2Ftags&post=3227"}],"curies":[{"name":"wp","href":"https:\/\/api.w.org\/{rel}","templated":true}]}}