{"id":3241,"date":"2019-01-14T14:30:42","date_gmt":"2019-01-14T13:30:42","guid":{"rendered":"https:\/\/www.zsnovarole.cz\/?p=3241"},"modified":"2019-01-15T10:00:49","modified_gmt":"2019-01-15T09:00:49","slug":"exkurze-do-narodniho-zemedelskeho-muzea-v-praze","status":"publish","type":"post","link":"https:\/\/www.zsnovarole.cz\/?p=3241","title":{"rendered":"Exkurze do N\u00e1rodn\u00edho zem\u011bd\u011blsk\u00e9ho muzea v\u00a0Praze"},"content":{"rendered":"<p>V\u00a0\u00fater\u00fd 18. prosince 2018 se t\u0159\u00eddy 8.A a 7.B spole\u010dn\u011b se sv\u00fdmi t\u0159\u00eddn\u00edmi u\u010ditelkami a asistenty pedagoga z\u00fa\u010dastnily v\u00a0r\u00e1mci projektu Pam\u011b\u0165ov\u00e9 instituce exkurze do N\u00e1rodn\u00edho zem\u011bd\u011blsk\u00e9ho muzea v\u00a0Praze. \u017d\u00e1ci pro\u0161li ve 4 patrech muzea expozice Lesnictv\u00ed, Ryb\u00e1\u0159stv\u00ed, Zem\u011bd\u011blstv\u00ed a Gastronomie. V ka\u017ed\u00e9 si na z\u00e1v\u011br vyzkou\u0161eli na interaktivn\u00edch tabul\u00edch testy v\u011bdomost\u00ed o dan\u00e9 expozici. Nejv\u00edc se jim l\u00edbila zahrada na st\u0159e\u0161e muzea, odkud je kr\u00e1sn\u00fd v\u00fdhled na celou Prahu. N\u00e1v\u0161t\u011bva splnila sv\u016fj c\u00edl \u2013 z\u00edskat nov\u00e9 informace, zorientovat se v\u00a0dan\u00e9 problematice a sezn\u00e1mit se s\u00a0histori\u00ed a osobnostmi dan\u00e9ho oboru.<\/p>\n<p>Mgr. S. Jozefyov\u00e1<\/p>\n","protected":false},"excerpt":{"rendered":"<p>V\u00a0\u00fater\u00fd 18. prosince 2018 se t\u0159\u00eddy 8.A a 7.B spole\u010dn\u011b se sv\u00fdmi t\u0159\u00eddn\u00edmi u\u010ditelkami a asistenty pedagoga z\u00fa\u010dastnily v\u00a0r\u00e1mci projektu Pam\u011b\u0165ov\u00e9 instituce exkurze do N\u00e1rodn\u00edho zem\u011bd\u011blsk\u00e9ho muzea v\u00a0Praze. \u017d\u00e1ci pro\u0161li ve 4 patrech muzea expozice Lesnictv\u00ed, Ryb\u00e1\u0159stv\u00ed, Zem\u011bd\u011blstv\u00ed a Gastronomie. V ka\u017ed\u00e9 si na z\u00e1v\u011br vyzkou\u0161eli na interaktivn\u00edch tabul\u00edch testy v\u011bdomost\u00ed o dan\u00e9 expozici. Nejv\u00edc se jim l\u00edbila zahrada na<\/p>\n","protected":false},"author":2,"featured_media":0,"comment_status":"open","ping_status":"closed","sticky":false,"template":"","format":"standard","meta":[],"categories":[1],"tags":[],"jetpack_featured_media_url":"","_links":{"self":[{"href":"https:\/\/www.zsnovarole.cz\/index.php?rest_route=\/wp\/v2\/posts\/3241"}],"collection":[{"href":"https:\/\/www.zsnovarole.cz\/index.php?rest_route=\/wp\/v2\/posts"}],"about":[{"href":"https:\/\/www.zsnovarole.cz\/index.php?rest_route=\/wp\/v2\/types\/post"}],"author":[{"embeddable":true,"href":"https:\/\/www.zsnovarole.cz\/index.php?rest_route=\/wp\/v2\/users\/2"}],"replies":[{"embeddable":true,"href":"https:\/\/www.zsnovarole.cz\/index.php?rest_route=%2Fwp%2Fv2%2Fcomments&post=3241"}],"version-history":[{"count":4,"href":"https:\/\/www.zsnovarole.cz\/index.php?rest_route=\/wp\/v2\/posts\/3241\/revisions"}],"predecessor-version":[{"id":3245,"href":"https:\/\/www.zsnovarole.cz\/index.php?rest_route=\/wp\/v2\/posts\/3241\/revisions\/3245"}],"wp:attachment":[{"href":"https:\/\/www.zsnovarole.cz\/index.php?rest_route=%2Fwp%2Fv2%2Fmedia&parent=3241"}],"wp:term":[{"taxonomy":"category","embeddable":true,"href":"https:\/\/www.zsnovarole.cz\/index.php?rest_route=%2Fwp%2Fv2%2Fcategories&post=3241"},{"taxonomy":"post_tag","embeddable":true,"href":"https:\/\/www.zsnovarole.cz\/index.php?rest_route=%2Fwp%2Fv2%2Ftags&post=3241"}],"curies":[{"name":"wp","href":"https:\/\/api.w.org\/{rel}","templated":true}]}}