{"id":3487,"date":"2019-06-14T14:30:26","date_gmt":"2019-06-14T12:30:26","guid":{"rendered":"https:\/\/www.zsnovarole.cz\/?p=3487"},"modified":"2019-06-14T15:21:38","modified_gmt":"2019-06-14T13:21:38","slug":"exkurze-5-rocniku-do-minulosti","status":"publish","type":"post","link":"https:\/\/www.zsnovarole.cz\/?p=3487","title":{"rendered":"Exkurze 5. ro\u010dn\u00edk\u016f do minulosti"},"content":{"rendered":"<p>Dne 31. kv\u011btna se ob\u011b p\u00e1t\u00e9 t\u0159\u00eddy na\u0161\u00ed Z\u0160 z\u00fa\u010dastnily \u0161koln\u00ed exkurze do Lidic a L\u00e1n. Prvn\u00ed zast\u00e1vkou bylo m\u011bsto s\u00a0velmi smutnou minulost\u00ed \u2013 Lidice. V\u00a0tamn\u00ed galerii jsou vystaveny obrazy a d\u00edla d\u011bt\u00ed a um\u011blc\u016f z\u00a0cel\u00e9ho sv\u011bta a jsou v\u011bnov\u00e1ny Lidic\u00edm. V\u00a0r\u00e1mci v\u00fdukov\u00e9ho programu \u201eCo mi sochy vypr\u00e1v\u011bly\u201c jsme zde tak\u00e9 hovo\u0159ili o materi\u00e1lech na v\u00fdrobu soch a uv\u011bdomili jsme si, \u017ee sochy k\u00a0lidem promlouvaj\u00ed i p\u0159esto, \u017ee jsou n\u011bm\u00e9. Pot\u00e9 jsme se p\u0159esunuli ulic\u00ed 10. \u010dervna 1942 do R\u016f\u017eov\u00e9ho sadu a s\u00a0pr\u016fvodkyn\u00ed jsme obe\u0161li star\u00e9 Lidice, kter\u00e9 byly za v\u00e1lky vyp\u00e1leny a srovn\u00e1ny se zem\u00ed. Vid\u011bli jsme zbytky z\u00e1klad\u016f p\u016fvodn\u00edch dom\u016f a souso\u0161\u00ed p\u0159ipom\u00ednaj\u00edc\u00ed lidick\u00e9 d\u011bti, kter\u00e9 byly plynem zavra\u017ed\u011bny nacisty. Mu\u017ei a<br \/>\nchlapci od patn\u00e1cti let byli zast\u0159eleni a \u017eeny byly p\u0159evezeny do koncentra\u010dn\u00edch t\u00e1bor\u016f. N\u00e1sledovala prohl\u00eddka muzea, kde jsme zhl\u00e9dli dokument o lidick\u00fdch d\u011btech a z\u00e1rove\u0148 jsou zde dochov\u00e1ny dokumenty, fotografie, \u0161aty. Dal\u0161\u00ed cesta n\u00e1s zavedla do L\u00e1n, do na\u0161eho druh\u00e9ho c\u00edle. V\u00a0muzeu T. G. Masaryka na n\u00e1s \u010dekala p\u0159edn\u00e1\u0161ka o zaj\u00edmav\u00e9m \u017eivot\u011b na\u0161eho prvn\u00edho prezidenta a potom jsme m\u011bli mo\u017enost prohl\u00e9dnout si v\u0161echny expon\u00e1ty, dokumenty, detaily. Nav\u0161t\u00edvili jsme tak\u00e9 m\u00edstn\u00ed h\u0159bitov, kde je pochov\u00e1n T. G. Masaryk, jeho \u017eena Ch. G. Masarykov\u00e1, jeho dcera Alice a syn Jan. V\u00a0odpoledn\u00edch hodin\u00e1ch jsme se vraceli s\u00a0hezk\u00fdmi, ale i se smutn\u00fdmi z\u00e1\u017eitky dom\u016f.<\/p>\n<p>Monika, Ale\u0161, Alex, Emma, Ji\u0159\u00ed, Lenka, \u0160imon P. (5.A, 5.B)<\/p>\n","protected":false},"excerpt":{"rendered":"<p>Dne 31. kv\u011btna se ob\u011b p\u00e1t\u00e9 t\u0159\u00eddy na\u0161\u00ed Z\u0160 z\u00fa\u010dastnily \u0161koln\u00ed exkurze do Lidic a L\u00e1n. Prvn\u00ed zast\u00e1vkou bylo m\u011bsto s\u00a0velmi smutnou minulost\u00ed \u2013 Lidice. V\u00a0tamn\u00ed galerii jsou vystaveny obrazy a d\u00edla d\u011bt\u00ed a um\u011blc\u016f z\u00a0cel\u00e9ho sv\u011bta a jsou v\u011bnov\u00e1ny Lidic\u00edm. V\u00a0r\u00e1mci v\u00fdukov\u00e9ho programu \u201eCo mi sochy vypr\u00e1v\u011bly\u201c jsme zde tak\u00e9 hovo\u0159ili o materi\u00e1lech na v\u00fdrobu soch a uv\u011bdomili jsme<\/p>\n","protected":false},"author":2,"featured_media":0,"comment_status":"closed","ping_status":"closed","sticky":false,"template":"","format":"standard","meta":[],"categories":[1],"tags":[],"jetpack_featured_media_url":"","_links":{"self":[{"href":"https:\/\/www.zsnovarole.cz\/index.php?rest_route=\/wp\/v2\/posts\/3487"}],"collection":[{"href":"https:\/\/www.zsnovarole.cz\/index.php?rest_route=\/wp\/v2\/posts"}],"about":[{"href":"https:\/\/www.zsnovarole.cz\/index.php?rest_route=\/wp\/v2\/types\/post"}],"author":[{"embeddable":true,"href":"https:\/\/www.zsnovarole.cz\/index.php?rest_route=\/wp\/v2\/users\/2"}],"replies":[{"embeddable":true,"href":"https:\/\/www.zsnovarole.cz\/index.php?rest_route=%2Fwp%2Fv2%2Fcomments&post=3487"}],"version-history":[{"count":1,"href":"https:\/\/www.zsnovarole.cz\/index.php?rest_route=\/wp\/v2\/posts\/3487\/revisions"}],"predecessor-version":[{"id":3488,"href":"https:\/\/www.zsnovarole.cz\/index.php?rest_route=\/wp\/v2\/posts\/3487\/revisions\/3488"}],"wp:attachment":[{"href":"https:\/\/www.zsnovarole.cz\/index.php?rest_route=%2Fwp%2Fv2%2Fmedia&parent=3487"}],"wp:term":[{"taxonomy":"category","embeddable":true,"href":"https:\/\/www.zsnovarole.cz\/index.php?rest_route=%2Fwp%2Fv2%2Fcategories&post=3487"},{"taxonomy":"post_tag","embeddable":true,"href":"https:\/\/www.zsnovarole.cz\/index.php?rest_route=%2Fwp%2Fv2%2Ftags&post=3487"}],"curies":[{"name":"wp","href":"https:\/\/api.w.org\/{rel}","templated":true}]}}