{"id":3534,"date":"2019-07-01T15:28:11","date_gmt":"2019-07-01T13:28:11","guid":{"rendered":"https:\/\/www.zsnovarole.cz\/?p=3534"},"modified":"2019-07-01T15:28:11","modified_gmt":"2019-07-01T13:28:11","slug":"den-izs","status":"publish","type":"post","link":"https:\/\/www.zsnovarole.cz\/?p=3534","title":{"rendered":"Den IZS"},"content":{"rendered":"<p>Dne 7. 6. 2019 prob\u011bhl v na\u0161\u00ed \u0161kole projektov\u00fd den Integrovan\u00e9ho z\u00e1chrann\u00e9ho syst\u00e9mu.<\/p>\n<p>Na \u00favod u\u010ditel\u00e9 pou\u010dili \u017e\u00e1ky ve sv\u00fdch t\u0159\u00edd\u00e1ch o v\u0161ech mo\u017en\u00fdch nebezpe\u010dn\u00fdch situac\u00edch a rizic\u00edch s nimi souvisej\u00edc\u00edmi. Z\u00e1rove\u0148 \u017e\u00e1ky pou\u010dili, jak\u00fdm zp\u016fsobem na n\u011b reagovat.<\/p>\n<p>V 8:30 byl na na\u0161\u00ed \u0161kole vyhl\u00e1\u0161en po\u017e\u00e1rn\u00ed poplach. \u201eHo\u0159elo\u201d v budov\u011b druh\u00e9ho stupn\u011b a byla provedena evakuace \u0161koly. \u017d\u00e1ci b\u011bhem evakuace proch\u00e1zeli hust\u00fdm d\u00fdmem. Dva \u017e\u00e1ky d\u00fdm zm\u00e1tl a z\u016fstali ve \u0161kole.<\/p>\n<p>Po vyklizen\u00ed cel\u00e9 \u0161koly zjistila pan\u00ed \u0159editelka po\u010dty \u017e\u00e1k\u016f. P\u0159i tom bylo zji\u0161t\u011bno, \u017ee dva \u017e\u00e1ci chyb\u00ed.<\/p>\n<p>Hasi\u010di p\u0159ijeli kr\u00e1tce pot\u00e9, co \u017e\u00e1ci vy\u0161li z budovy a za\u010dali s \u201eha\u0161en\u00edm\u201c. \u017d\u00e1ci m\u011bli tak\u00e9 mo\u017enost vid\u011bt v akci hasic\u00ed techniku i hasi\u010de, kte\u0159\u00ed lezli do \u0161koly po po\u017e\u00e1rn\u00edm \u017eeb\u0159\u00edku. Ti \u017e\u00e1ci, kte\u0159\u00ed z\u016fstali v budov\u011b \u0161koly, byli nalezeni &#8211;\u00a0 \u201ezachr\u00e1n\u011bni\u201c.<\/p>\n<p>Pot\u00e9 se cel\u00e1 \u0161kola p\u0159esunula do are\u00e1lu zdej\u0161\u00edho koupali\u0161t\u011b, kde ve spolupr\u00e1ci s DDM a Technick\u00fdmi slu\u017ebami Nov\u00e1 Role vznikla jednotliv\u00e1 stanovi\u0161t\u011b.<\/p>\n<p>Na \u00favod prob\u011bhla uk\u00e1zka dobrovoln\u00fdch z\u00e1chran\u00e1\u0159\u016f, kte\u0159\u00ed ukazovali d\u011btem, jak se zachovat pokud budou sv\u011bdky dopravn\u00ed nehody, konkr\u00e9tn\u011b pak cyklisty s automobilem. Uk\u00e1zka byla velice autentick\u00e1 a dob\u0159e zpracovan\u00e1. Mysl\u00edm, \u017ee si ka\u017ed\u00fd \u017e\u00e1k uv\u011bdomil, jak\u00e9 mu jako cyklistovi hroz\u00ed nebezpe\u010d\u00ed, a tak\u00e9 jak je d\u016fle\u017eit\u00e9 pou\u017e\u00edvat p\u0159i j\u00edzd\u011b na kole helmu. Takt\u00e9\u017e v\u011b\u0159\u00edm, \u017ee pokud budou sv\u011bdky podobn\u00e9 ud\u00e1losti, budou um\u011bt reagovat a t\u0159eba t\u00edm i zachr\u00e1nit lidsk\u00fd \u017eivot.<\/p>\n<p>D\u00e1le n\u00e1sledovala uk\u00e1zka policejn\u00edho psovoda. Ten sezn\u00e1mil \u017e\u00e1ky s postupem p\u0159i cvi\u010den\u00ed policejn\u00edch ps\u016f, p\u0159i\u010dem\u017e m\u011bli mo\u017enost vyzkou\u0161et si \u201ekousac\u00ed\u201c oblek. Tedy oblek, na kter\u00e9m se cvi\u010d\u00ed \u00fatok na \u010dlov\u011bka.<\/p>\n<p>Po kr\u00e1tk\u00e9 p\u0159est\u00e1vce se \u017e\u00e1ci i s u\u010diteli roze\u0161li na jednotliv\u00e1 stanovi\u0161t\u011b dle ur\u010den\u00e9ho harmonogramu.<\/p>\n<p>Zde si mohli prohl\u00e9dnout policejn\u00ed techniku, vyzkou\u0161et si speci\u00e1ln\u00ed br\u00fdle, kter\u00e9 navozuj\u00ed stav opilosti \u010di stav pod vlivem drog. Vytvo\u0159ili si vlastn\u00ed identiket s otiskem prst\u016f a sezn\u00e1mili se s prac\u00ed z\u00e1sahov\u00fdch jednotek a jejich vybaven\u00edm.<\/p>\n<p>D\u00e1le m\u011bli mo\u017enost sezn\u00e1mit se s funkc\u00ed a prac\u00ed Arm\u00e1dy \u010cesk\u00e9 republiky a vyzkou\u0161eli si hled\u00e1n\u00ed p\u0159edm\u011bt\u016f \u201eminohleda\u010dkou\u201c.<\/p>\n<p>Na n\u00e1sleduj\u00edc\u00edm stanovi\u0161ti si mohli prohl\u00e9dnout hasi\u010dsk\u00e9 auto, vyzkou\u0161et si r\u016fzn\u00e9 hasi\u010dsk\u00e9 obleky a vybaven\u00ed, kter\u00e9 pou\u017e\u00edvaj\u00ed hasi\u010di u z\u00e1sah\u016f. V neposledn\u00ed \u0159ad\u011b se tak\u00e9 dozv\u011bd\u011bli o r\u016fzn\u00fdch situac\u00edch, ve kter\u00fdch hasi\u010di pom\u00e1haj\u00ed a jak t\u011bmto situac\u00edm p\u0159edch\u00e1zet.<\/p>\n<p>Dobrovoln\u00ed z\u00e1chran\u00e1\u0159i uk\u00e1zali d\u011btem, jak o\u0161et\u0159ovat jednotliv\u00e1 zran\u011bn\u00ed a tak\u00e9 si \u017e\u00e1ci mohli vyzkou\u0161et o\u017eivov\u00e1n\u00ed.<\/p>\n<p>Jedn\u00edm ze stanovi\u0161\u0165 byla tak\u00e9 pan\u00ed Kol\u00e1\u0159ov\u00e1 se svou ps\u00ed asistentkou And\u011blkou. D\u011bti se tak sezn\u00e1mili s Canisterapi\u00ed, jak se psi na takovou pr\u00e1ci p\u0159ipravuj\u00ed a co v\u0161e toto povol\u00e1n\u00ed obn\u00e1\u0161\u00ed.<\/p>\n<p>Cel\u00fd den byl tak pln\u00fd zaj\u00edmav\u00fdch informac\u00ed. Na\u0161e \u0161kola by t\u00edmto cht\u011bla pod\u011bkovat v\u0161em, bez kter\u00fdch by tento den nemohl prob\u011bhnout. Za jejich \u00fa\u010dast, trp\u011bliv\u00e9 vysv\u011btlov\u00e1n\u00ed a ob\u011btavou pr\u00e1ci. D\u011bkujeme Policii \u010cR &#8211;\u00a0 zam\u011bstnanc\u016fm P\u010cR v Nov\u00e9 Roli, Hasi\u010dsk\u00e9mu z\u00e1chrann\u00e9mu sboru &#8211;\u00a0 dobrovoln\u00fdm hasi\u010d\u016fm zde v Nov\u00e9 Roli. D\u011bkujeme profesion\u00e1ln\u00edm voj\u00e1k\u016fm z Arm\u00e1dy \u010cR, dobrovoln\u00fdm z\u00e1chran\u00e1\u0159\u016fm a tak\u00e9 p. Kol\u00e1\u0159ov\u00e9 s And\u011blkou.<\/p>\n<p><img decoding=\"async\" loading=\"lazy\" class=\"alignnone size-full wp-image-3535\" src=\"https:\/\/www.zsnovarole.cz\/wp-content\/uploads\/2019\/07\/and\u011blka.jpg\" alt=\"\" width=\"720\" height=\"960\" srcset=\"https:\/\/www.zsnovarole.cz\/wp-content\/uploads\/2019\/07\/and\u011blka.jpg 720w, https:\/\/www.zsnovarole.cz\/wp-content\/uploads\/2019\/07\/and\u011blka-225x300.jpg 225w\" sizes=\"(max-width: 720px) 100vw, 720px\" \/> <img decoding=\"async\" loading=\"lazy\" class=\"alignnone size-large wp-image-3536\" src=\"https:\/\/www.zsnovarole.cz\/wp-content\/uploads\/2019\/07\/arm\u00e1da1.jpg\" alt=\"\" width=\"860\" height=\"645\" srcset=\"https:\/\/www.zsnovarole.cz\/wp-content\/uploads\/2019\/07\/arm\u00e1da1.jpg 960w, https:\/\/www.zsnovarole.cz\/wp-content\/uploads\/2019\/07\/arm\u00e1da1-300x225.jpg 300w, https:\/\/www.zsnovarole.cz\/wp-content\/uploads\/2019\/07\/arm\u00e1da1-768x576.jpg 768w\" sizes=\"(max-width: 860px) 100vw, 860px\" \/> <img decoding=\"async\" loading=\"lazy\" class=\"alignnone size-large wp-image-3537\" src=\"https:\/\/www.zsnovarole.cz\/wp-content\/uploads\/2019\/07\/arm\u00e1da2.jpg\" alt=\"\" width=\"720\" height=\"960\" srcset=\"https:\/\/www.zsnovarole.cz\/wp-content\/uploads\/2019\/07\/arm\u00e1da2.jpg 720w, https:\/\/www.zsnovarole.cz\/wp-content\/uploads\/2019\/07\/arm\u00e1da2-225x300.jpg 225w\" sizes=\"(max-width: 720px) 100vw, 720px\" \/> <img decoding=\"async\" loading=\"lazy\" class=\"alignnone size-large wp-image-3538\" src=\"https:\/\/www.zsnovarole.cz\/wp-content\/uploads\/2019\/07\/evakuace.jpg\" alt=\"\" width=\"860\" height=\"645\" srcset=\"https:\/\/www.zsnovarole.cz\/wp-content\/uploads\/2019\/07\/evakuace.jpg 960w, https:\/\/www.zsnovarole.cz\/wp-content\/uploads\/2019\/07\/evakuace-300x225.jpg 300w, https:\/\/www.zsnovarole.cz\/wp-content\/uploads\/2019\/07\/evakuace-768x576.jpg 768w\" sizes=\"(max-width: 860px) 100vw, 860px\" \/> <img decoding=\"async\" loading=\"lazy\" class=\"alignnone size-large wp-image-3539\" src=\"https:\/\/www.zsnovarole.cz\/wp-content\/uploads\/2019\/07\/evakuace1.jpg\" alt=\"\" width=\"860\" height=\"645\" srcset=\"https:\/\/www.zsnovarole.cz\/wp-content\/uploads\/2019\/07\/evakuace1.jpg 960w, https:\/\/www.zsnovarole.cz\/wp-content\/uploads\/2019\/07\/evakuace1-300x225.jpg 300w, https:\/\/www.zsnovarole.cz\/wp-content\/uploads\/2019\/07\/evakuace1-768x576.jpg 768w\" sizes=\"(max-width: 860px) 100vw, 860px\" \/> <img decoding=\"async\" loading=\"lazy\" class=\"alignnone size-large wp-image-3540\" src=\"https:\/\/www.zsnovarole.cz\/wp-content\/uploads\/2019\/07\/hasi\u010di.jpg\" alt=\"\" width=\"860\" height=\"645\" srcset=\"https:\/\/www.zsnovarole.cz\/wp-content\/uploads\/2019\/07\/hasi\u010di.jpg 960w, https:\/\/www.zsnovarole.cz\/wp-content\/uploads\/2019\/07\/hasi\u010di-300x225.jpg 300w, https:\/\/www.zsnovarole.cz\/wp-content\/uploads\/2019\/07\/hasi\u010di-768x576.jpg 768w\" sizes=\"(max-width: 860px) 100vw, 860px\" \/> <img decoding=\"async\" loading=\"lazy\" class=\"alignnone size-large wp-image-3541\" src=\"https:\/\/www.zsnovarole.cz\/wp-content\/uploads\/2019\/07\/nehoda.jpg\" alt=\"\" width=\"720\" height=\"960\" srcset=\"https:\/\/www.zsnovarole.cz\/wp-content\/uploads\/2019\/07\/nehoda.jpg 720w, https:\/\/www.zsnovarole.cz\/wp-content\/uploads\/2019\/07\/nehoda-225x300.jpg 225w\" sizes=\"(max-width: 720px) 100vw, 720px\" \/> <img decoding=\"async\" loading=\"lazy\" class=\"alignnone size-large wp-image-3542\" src=\"https:\/\/www.zsnovarole.cz\/wp-content\/uploads\/2019\/07\/policie.jpg\" alt=\"\" width=\"720\" height=\"960\" srcset=\"https:\/\/www.zsnovarole.cz\/wp-content\/uploads\/2019\/07\/policie.jpg 720w, https:\/\/www.zsnovarole.cz\/wp-content\/uploads\/2019\/07\/policie-225x300.jpg 225w\" sizes=\"(max-width: 720px) 100vw, 720px\" \/> <img decoding=\"async\" loading=\"lazy\" class=\"alignnone size-large wp-image-3543\" src=\"https:\/\/www.zsnovarole.cz\/wp-content\/uploads\/2019\/07\/policie1.jpg\" alt=\"\" width=\"860\" height=\"645\" srcset=\"https:\/\/www.zsnovarole.cz\/wp-content\/uploads\/2019\/07\/policie1.jpg 960w, https:\/\/www.zsnovarole.cz\/wp-content\/uploads\/2019\/07\/policie1-300x225.jpg 300w, https:\/\/www.zsnovarole.cz\/wp-content\/uploads\/2019\/07\/policie1-768x576.jpg 768w\" sizes=\"(max-width: 860px) 100vw, 860px\" \/> <img decoding=\"async\" loading=\"lazy\" class=\"alignnone size-large wp-image-3544\" src=\"https:\/\/www.zsnovarole.cz\/wp-content\/uploads\/2019\/07\/z\u00e1chran\u00e1\u0159i-1.jpg\" alt=\"\" width=\"860\" height=\"645\" srcset=\"https:\/\/www.zsnovarole.cz\/wp-content\/uploads\/2019\/07\/z\u00e1chran\u00e1\u0159i-1.jpg 960w, https:\/\/www.zsnovarole.cz\/wp-content\/uploads\/2019\/07\/z\u00e1chran\u00e1\u0159i-1-300x225.jpg 300w, https:\/\/www.zsnovarole.cz\/wp-content\/uploads\/2019\/07\/z\u00e1chran\u00e1\u0159i-1-768x576.jpg 768w\" sizes=\"(max-width: 860px) 100vw, 860px\" \/> <img decoding=\"async\" loading=\"lazy\" class=\"alignnone size-large wp-image-3545\" src=\"https:\/\/www.zsnovarole.cz\/wp-content\/uploads\/2019\/07\/z\u00e1chran\u00e1\u0159i.jpg\" alt=\"\" width=\"720\" height=\"960\" srcset=\"https:\/\/www.zsnovarole.cz\/wp-content\/uploads\/2019\/07\/z\u00e1chran\u00e1\u0159i.jpg 720w, https:\/\/www.zsnovarole.cz\/wp-content\/uploads\/2019\/07\/z\u00e1chran\u00e1\u0159i-225x300.jpg 225w\" sizes=\"(max-width: 720px) 100vw, 720px\" \/><\/p>\n","protected":false},"excerpt":{"rendered":"<p>Dne 7. 6. 2019 prob\u011bhl v na\u0161\u00ed \u0161kole projektov\u00fd den Integrovan\u00e9ho z\u00e1chrann\u00e9ho syst\u00e9mu. Na \u00favod u\u010ditel\u00e9 pou\u010dili \u017e\u00e1ky ve sv\u00fdch t\u0159\u00edd\u00e1ch o v\u0161ech mo\u017en\u00fdch nebezpe\u010dn\u00fdch situac\u00edch a rizic\u00edch s nimi souvisej\u00edc\u00edmi. Z\u00e1rove\u0148 \u017e\u00e1ky pou\u010dili, jak\u00fdm zp\u016fsobem na n\u011b reagovat. V 8:30 byl na na\u0161\u00ed \u0161kole vyhl\u00e1\u0161en po\u017e\u00e1rn\u00ed poplach. \u201eHo\u0159elo\u201d v budov\u011b druh\u00e9ho stupn\u011b a byla provedena evakuace \u0161koly. \u017d\u00e1ci b\u011bhem<\/p>\n","protected":false},"author":2,"featured_media":0,"comment_status":"closed","ping_status":"closed","sticky":false,"template":"","format":"standard","meta":[],"categories":[1],"tags":[],"jetpack_featured_media_url":"","_links":{"self":[{"href":"https:\/\/www.zsnovarole.cz\/index.php?rest_route=\/wp\/v2\/posts\/3534"}],"collection":[{"href":"https:\/\/www.zsnovarole.cz\/index.php?rest_route=\/wp\/v2\/posts"}],"about":[{"href":"https:\/\/www.zsnovarole.cz\/index.php?rest_route=\/wp\/v2\/types\/post"}],"author":[{"embeddable":true,"href":"https:\/\/www.zsnovarole.cz\/index.php?rest_route=\/wp\/v2\/users\/2"}],"replies":[{"embeddable":true,"href":"https:\/\/www.zsnovarole.cz\/index.php?rest_route=%2Fwp%2Fv2%2Fcomments&post=3534"}],"version-history":[{"count":1,"href":"https:\/\/www.zsnovarole.cz\/index.php?rest_route=\/wp\/v2\/posts\/3534\/revisions"}],"predecessor-version":[{"id":3546,"href":"https:\/\/www.zsnovarole.cz\/index.php?rest_route=\/wp\/v2\/posts\/3534\/revisions\/3546"}],"wp:attachment":[{"href":"https:\/\/www.zsnovarole.cz\/index.php?rest_route=%2Fwp%2Fv2%2Fmedia&parent=3534"}],"wp:term":[{"taxonomy":"category","embeddable":true,"href":"https:\/\/www.zsnovarole.cz\/index.php?rest_route=%2Fwp%2Fv2%2Fcategories&post=3534"},{"taxonomy":"post_tag","embeddable":true,"href":"https:\/\/www.zsnovarole.cz\/index.php?rest_route=%2Fwp%2Fv2%2Ftags&post=3534"}],"curies":[{"name":"wp","href":"https:\/\/api.w.org\/{rel}","templated":true}]}}