{"id":3547,"date":"2019-07-03T12:19:01","date_gmt":"2019-07-03T10:19:01","guid":{"rendered":"https:\/\/www.zsnovarole.cz\/?p=3547"},"modified":"2019-07-03T12:19:01","modified_gmt":"2019-07-03T10:19:01","slug":"stuzkovana","status":"publish","type":"post","link":"https:\/\/www.zsnovarole.cz\/?p=3547","title":{"rendered":"Stu\u017ekovan\u00e1"},"content":{"rendered":"<p>Stu\u017ekovan\u00e1, tradi\u010dn\u00ed rozlou\u010den\u00ed s\u00a0vych\u00e1zej\u00edc\u00edmi \u017e\u00e1ky, se letos uskute\u010dnila 27. 6. v\u00a0s\u00e1le KD Nov\u00e1 Role.<\/p>\n<p>Mezi pozvan\u00fdmi nechyb\u011bli z\u00e1stupci z\u0159izovatele, veden\u00ed \u0161koly, t\u0159\u00eddn\u00ed u\u010ditel, ostatn\u00ed pedagogov\u00e9 a samoz\u0159ejm\u011b rodinn\u00ed p\u0159\u00edslu\u0161n\u00edci absolvent\u016f. V\u0161ichni si spolu s dev\u00e1\u0165\u00e1ky zavzpom\u00ednali na l\u00e9ta v\u00a0na\u0161\u00ed \u0161kole, na vesel\u00e9 i smutn\u011bj\u0161\u00ed p\u0159\u00edhody, na v\u0161echno, co spolu pro\u017eili.<\/p>\n<p>P\u0159ejeme hodn\u011b \u0161t\u011bst\u00ed na st\u0159edn\u00edch \u0161kol\u00e1ch i v\u00a0\u017eivot\u011b!<\/p>\n<p><img decoding=\"async\" loading=\"lazy\" class=\"alignnone size-large wp-image-3549\" src=\"https:\/\/www.zsnovarole.cz\/wp-content\/uploads\/2019\/07\/stu\u017ekovan\u00e1-2019-1024x682.jpg\" alt=\"\" width=\"860\" height=\"573\" srcset=\"https:\/\/www.zsnovarole.cz\/wp-content\/uploads\/2019\/07\/stu\u017ekovan\u00e1-2019-1024x682.jpg 1024w, https:\/\/www.zsnovarole.cz\/wp-content\/uploads\/2019\/07\/stu\u017ekovan\u00e1-2019-300x200.jpg 300w, https:\/\/www.zsnovarole.cz\/wp-content\/uploads\/2019\/07\/stu\u017ekovan\u00e1-2019-768x512.jpg 768w, https:\/\/www.zsnovarole.cz\/wp-content\/uploads\/2019\/07\/stu\u017ekovan\u00e1-2019.jpg 1387w\" sizes=\"(max-width: 860px) 100vw, 860px\" \/><\/p>\n","protected":false},"excerpt":{"rendered":"<p>Stu\u017ekovan\u00e1, tradi\u010dn\u00ed rozlou\u010den\u00ed s\u00a0vych\u00e1zej\u00edc\u00edmi \u017e\u00e1ky, se letos uskute\u010dnila 27. 6. v\u00a0s\u00e1le KD Nov\u00e1 Role. Mezi pozvan\u00fdmi nechyb\u011bli z\u00e1stupci z\u0159izovatele, veden\u00ed \u0161koly, t\u0159\u00eddn\u00ed u\u010ditel, ostatn\u00ed pedagogov\u00e9 a samoz\u0159ejm\u011b rodinn\u00ed p\u0159\u00edslu\u0161n\u00edci absolvent\u016f. V\u0161ichni si spolu s dev\u00e1\u0165\u00e1ky zavzpom\u00ednali na l\u00e9ta v\u00a0na\u0161\u00ed \u0161kole, na vesel\u00e9 i smutn\u011bj\u0161\u00ed p\u0159\u00edhody, na v\u0161echno, co spolu pro\u017eili. P\u0159ejeme hodn\u011b \u0161t\u011bst\u00ed na st\u0159edn\u00edch \u0161kol\u00e1ch i v\u00a0\u017eivot\u011b!<\/p>\n","protected":false},"author":2,"featured_media":0,"comment_status":"closed","ping_status":"closed","sticky":false,"template":"","format":"standard","meta":[],"categories":[1],"tags":[],"jetpack_featured_media_url":"","_links":{"self":[{"href":"https:\/\/www.zsnovarole.cz\/index.php?rest_route=\/wp\/v2\/posts\/3547"}],"collection":[{"href":"https:\/\/www.zsnovarole.cz\/index.php?rest_route=\/wp\/v2\/posts"}],"about":[{"href":"https:\/\/www.zsnovarole.cz\/index.php?rest_route=\/wp\/v2\/types\/post"}],"author":[{"embeddable":true,"href":"https:\/\/www.zsnovarole.cz\/index.php?rest_route=\/wp\/v2\/users\/2"}],"replies":[{"embeddable":true,"href":"https:\/\/www.zsnovarole.cz\/index.php?rest_route=%2Fwp%2Fv2%2Fcomments&post=3547"}],"version-history":[{"count":2,"href":"https:\/\/www.zsnovarole.cz\/index.php?rest_route=\/wp\/v2\/posts\/3547\/revisions"}],"predecessor-version":[{"id":3550,"href":"https:\/\/www.zsnovarole.cz\/index.php?rest_route=\/wp\/v2\/posts\/3547\/revisions\/3550"}],"wp:attachment":[{"href":"https:\/\/www.zsnovarole.cz\/index.php?rest_route=%2Fwp%2Fv2%2Fmedia&parent=3547"}],"wp:term":[{"taxonomy":"category","embeddable":true,"href":"https:\/\/www.zsnovarole.cz\/index.php?rest_route=%2Fwp%2Fv2%2Fcategories&post=3547"},{"taxonomy":"post_tag","embeddable":true,"href":"https:\/\/www.zsnovarole.cz\/index.php?rest_route=%2Fwp%2Fv2%2Ftags&post=3547"}],"curies":[{"name":"wp","href":"https:\/\/api.w.org\/{rel}","templated":true}]}}