{"id":3620,"date":"2019-09-23T17:28:46","date_gmt":"2019-09-23T15:28:46","guid":{"rendered":"https:\/\/www.zsnovarole.cz\/?p=3620"},"modified":"2019-09-23T17:28:46","modified_gmt":"2019-09-23T15:28:46","slug":"pamet-a-efektivni-uceni","status":"publish","type":"post","link":"https:\/\/www.zsnovarole.cz\/?p=3620","title":{"rendered":"Pam\u011b\u0165 a efektivn\u00ed u\u010den\u00ed"},"content":{"rendered":"<p>V\u00a0r\u00e1mci projektu \u201eImplementace Krajsk\u00e9ho ak\u010dn\u00edho pl\u00e1nu 1 v\u00a0Karlovarsk\u00e9m kraji\u201c a pilot\u00e1\u017ee motiva\u010dn\u00edho syst\u00e9mu maj\u00ed b\u011bhem m\u011bs\u00edce z\u00e1\u0159\u00ed a \u0159\u00edjna 8. a 9. t\u0159\u00eddy mo\u017enost z\u00fa\u010dastnit se semin\u00e1\u0159e <strong>Pam\u011b\u0165 a efektivn\u00ed u\u010den\u00ed<\/strong> veden\u00e9 p\u0159\u00edmo v\u00a0na\u0161\u00ed \u0161kole lektorem Ing. A. Proch\u00e1zkou. B\u011bhem semin\u00e1\u0159\u016f se \u017e\u00e1ci m\u011bli mo\u017enost sezn\u00e1mit s\u00a0modern\u00edmi poznatky o mozku a pam\u011bti, \u017e\u00e1ci i u\u010ditel\u00e9 byli sezn\u00e1meni s\u00a0metodami a formami, jak mohou sami podporovat rozvoj efektivn\u00edho u\u010den\u00ed. V\u0161ichni \u017e\u00e1ci si provedli test na typologii u\u010debn\u00edho stylu, vyzkou\u0161eli si r\u016fzn\u00e9 pam\u011b\u0165ov\u00e9 techniky, dozv\u011bd\u011bli se, jak na efektivn\u00ed pozn\u00e1mky pro snadn\u011bj\u0161\u00ed u\u010den\u00ed \u010di jak vyu\u017e\u00edvat my\u0161lenkov\u00e9 mapy. Na z\u00e1v\u011br ka\u017ed\u00e9ho semin\u00e1\u0159e prob\u011bhl dotazn\u00edk zp\u011btn\u00e9 vazby.<\/p>\n<p>Mgr. Denisa Slav\u00edkov\u00e1<\/p>\n","protected":false},"excerpt":{"rendered":"<p>V\u00a0r\u00e1mci projektu \u201eImplementace Krajsk\u00e9ho ak\u010dn\u00edho pl\u00e1nu 1 v\u00a0Karlovarsk\u00e9m kraji\u201c a pilot\u00e1\u017ee motiva\u010dn\u00edho syst\u00e9mu maj\u00ed b\u011bhem m\u011bs\u00edce z\u00e1\u0159\u00ed a \u0159\u00edjna 8. a 9. t\u0159\u00eddy mo\u017enost z\u00fa\u010dastnit se semin\u00e1\u0159e Pam\u011b\u0165 a efektivn\u00ed u\u010den\u00ed veden\u00e9 p\u0159\u00edmo v\u00a0na\u0161\u00ed \u0161kole lektorem Ing. A. Proch\u00e1zkou. B\u011bhem semin\u00e1\u0159\u016f se \u017e\u00e1ci m\u011bli mo\u017enost sezn\u00e1mit s\u00a0modern\u00edmi poznatky o mozku a pam\u011bti, \u017e\u00e1ci i u\u010ditel\u00e9 byli sezn\u00e1meni s\u00a0metodami a formami,<\/p>\n","protected":false},"author":2,"featured_media":0,"comment_status":"closed","ping_status":"closed","sticky":false,"template":"","format":"standard","meta":[],"categories":[1],"tags":[],"jetpack_featured_media_url":"","_links":{"self":[{"href":"https:\/\/www.zsnovarole.cz\/index.php?rest_route=\/wp\/v2\/posts\/3620"}],"collection":[{"href":"https:\/\/www.zsnovarole.cz\/index.php?rest_route=\/wp\/v2\/posts"}],"about":[{"href":"https:\/\/www.zsnovarole.cz\/index.php?rest_route=\/wp\/v2\/types\/post"}],"author":[{"embeddable":true,"href":"https:\/\/www.zsnovarole.cz\/index.php?rest_route=\/wp\/v2\/users\/2"}],"replies":[{"embeddable":true,"href":"https:\/\/www.zsnovarole.cz\/index.php?rest_route=%2Fwp%2Fv2%2Fcomments&post=3620"}],"version-history":[{"count":1,"href":"https:\/\/www.zsnovarole.cz\/index.php?rest_route=\/wp\/v2\/posts\/3620\/revisions"}],"predecessor-version":[{"id":3621,"href":"https:\/\/www.zsnovarole.cz\/index.php?rest_route=\/wp\/v2\/posts\/3620\/revisions\/3621"}],"wp:attachment":[{"href":"https:\/\/www.zsnovarole.cz\/index.php?rest_route=%2Fwp%2Fv2%2Fmedia&parent=3620"}],"wp:term":[{"taxonomy":"category","embeddable":true,"href":"https:\/\/www.zsnovarole.cz\/index.php?rest_route=%2Fwp%2Fv2%2Fcategories&post=3620"},{"taxonomy":"post_tag","embeddable":true,"href":"https:\/\/www.zsnovarole.cz\/index.php?rest_route=%2Fwp%2Fv2%2Ftags&post=3620"}],"curies":[{"name":"wp","href":"https:\/\/api.w.org\/{rel}","templated":true}]}}