{"id":3631,"date":"2019-10-09T08:23:28","date_gmt":"2019-10-09T06:23:28","guid":{"rendered":"https:\/\/www.zsnovarole.cz\/?p=3631"},"modified":"2019-10-10T10:14:30","modified_gmt":"2019-10-10T08:14:30","slug":"oznameni-o-konani-voleb-do-skolske-rady-v-obdobi-1-12-2018-30-11-2021","status":"publish","type":"post","link":"https:\/\/www.zsnovarole.cz\/?p=3631","title":{"rendered":"Ozn\u00e1men\u00ed o kon\u00e1n\u00ed voleb do \u0161kolsk\u00e9 rady v\u00a0obdob\u00ed 1. 12. 2018 \u2013 30. 11. 2021"},"content":{"rendered":"<p>Vzhledem k\u00a0ukon\u010den\u00ed \u010dlenstv\u00ed jednoho \u010dlena \u0161kolsk\u00e9 rady z\u00a0\u0159ad z\u00e1konn\u00fdch z\u00e1stupc\u016f dle \u00a7 167, odstavce 9, p\u00edsmene f, \u0161kolsk\u00e9ho z\u00e1kona, vyhla\u0161uje \u0159editelka \u0161koly dle \u00a7 167 a v\u00a0souladu s\u00a0Volebn\u00edm \u0159\u00e1dem pro volby do \u0161kolsk\u00e9 rady vydan\u00fdm M\u011bstem Nov\u00e1 Role 12. 9. 2005 volby do \u0161kolsk\u00e9 rady, kdy bude volen jeden kandid\u00e1t z\u00a0\u0159ad z\u00e1konn\u00fdch z\u00e1stupc\u016f,<\/p>\n<p>\u0160kolsk\u00e1 rada je volen\u00fd org\u00e1n, kter\u00fd se skl\u00e1d\u00e1 ze \u0161esti \u010dlen\u016f. Jeho vznik, pravomoci a \u010dinnost upravuje \u0161kolsk\u00fd z\u00e1kon a volebn\u00ed \u0159\u00e1d vydan\u00fd z\u0159izovatelem:<\/p>\n<ul>\n<li>T\u0159etinu \u0161kolsk\u00e9 rady jmenuje M\u011bsto Nov\u00e1 Role<\/li>\n<li>T\u0159etina je volena pedagogick\u00fdmi pracovn\u00edky \u0161koly z\u00a0okruhu osob zp\u016fsobil\u00fdch k\u00a0pr\u00e1vn\u00edm \u00fakon\u016fm<\/li>\n<li>T\u0159etinu vol\u00ed z\u00e1konn\u00ed z\u00e1stupci nezletil\u00fdch \u017e\u00e1k\u016f a zletil\u00ed \u017e\u00e1ci \u0161koly z\u00a0okruhu osob zp\u016fsobil\u00fdch k\u00a0pr\u00e1vn\u00edm \u00fakon\u016fm<\/li>\n<\/ul>\n<p>Pro volby \u010dlen\u016f \u0161kolsk\u00e9 rady jmenuje \u0159editelka \u0161koly volebn\u00ed komisi ve slo\u017een\u00ed:<\/p>\n<p>Mgr. Darina Dvo\u0159\u00e1\u010dkov\u00e1 \u2013 p\u0159edsedkyn\u011b<\/p>\n<p>Mgr. Hana Tomanov\u00e1 \u2013 \u010dlenka<\/p>\n<p>Mgr. Ivana Byst\u0159ick\u00e1 \u2013 \u010dlenka<\/p>\n<p>Z\u00e1konn\u00ed z\u00e1stupci maj\u00ed mo\u017enost navrhovat kandid\u00e1ty ze sv\u00fdch \u0159ad v\u00a0sekretari\u00e1tu \u0161koly do 8. 11. 2019.<\/p>\n<p>Za ka\u017ed\u00e9 d\u00edt\u011b ve \u0161kole m\u00e1 z\u00e1konn\u00fd z\u00e1stupce volebn\u00ed hlas.<\/p>\n<p>&nbsp;<\/p>\n<p><strong>Volby prob\u011bhnou 19. 11. 2019 v\u00a0dob\u011b kon\u00e1n\u00ed t\u0159\u00eddn\u00edch sch\u016fzek.<\/strong><\/p>\n<p>Mgr. Darina Dvo\u0159\u00e1\u010dkov\u00e1\u00a0 \u00a0 \u00a0 \u00a0 \u00a0 \u00a0 \u00a0 \u00a0 \u00a0 \u00a0 \u00a0 \u00a0 \u00a0 \u00a0 \u00a0 \u00a0 \u00a0 \u00a0 \u00a0 \u00a0 \u00a0 \u00a0 \u00a0 \u00a0 \u00a0 \u00a0 \u00a0 \u00a0 \u00a0 \u00a0 \u00a0Mgr. Ester Nov\u00e1kov\u00e1<\/p>\n<p>p\u0159edsedkyn\u011b volebn\u00ed komise\u00a0 \u00a0 \u00a0 \u00a0 \u00a0 \u00a0 \u00a0 \u00a0 \u00a0 \u00a0 \u00a0 \u00a0 \u00a0 \u00a0 \u00a0 \u00a0 \u00a0 \u00a0 \u00a0 \u00a0 \u00a0 \u00a0 \u00a0 \u00a0 \u00a0 \u00a0 \u00a0 \u00a0 \u00a0 \u00a0 \u00a0 \u0159editelka \u0161koly<\/p>\n","protected":false},"excerpt":{"rendered":"<p>Vzhledem k\u00a0ukon\u010den\u00ed \u010dlenstv\u00ed jednoho \u010dlena \u0161kolsk\u00e9 rady z\u00a0\u0159ad z\u00e1konn\u00fdch z\u00e1stupc\u016f dle \u00a7 167, odstavce 9, p\u00edsmene f, \u0161kolsk\u00e9ho z\u00e1kona, vyhla\u0161uje \u0159editelka \u0161koly dle \u00a7 167 a v\u00a0souladu s\u00a0Volebn\u00edm \u0159\u00e1dem pro volby do \u0161kolsk\u00e9 rady vydan\u00fdm M\u011bstem Nov\u00e1 Role 12. 9. 2005 volby do \u0161kolsk\u00e9 rady, kdy bude volen jeden kandid\u00e1t z\u00a0\u0159ad z\u00e1konn\u00fdch z\u00e1stupc\u016f, \u0160kolsk\u00e1 rada je volen\u00fd org\u00e1n, kter\u00fd se<\/p>\n","protected":false},"author":2,"featured_media":0,"comment_status":"closed","ping_status":"closed","sticky":false,"template":"","format":"standard","meta":[],"categories":[1],"tags":[],"jetpack_featured_media_url":"","_links":{"self":[{"href":"https:\/\/www.zsnovarole.cz\/index.php?rest_route=\/wp\/v2\/posts\/3631"}],"collection":[{"href":"https:\/\/www.zsnovarole.cz\/index.php?rest_route=\/wp\/v2\/posts"}],"about":[{"href":"https:\/\/www.zsnovarole.cz\/index.php?rest_route=\/wp\/v2\/types\/post"}],"author":[{"embeddable":true,"href":"https:\/\/www.zsnovarole.cz\/index.php?rest_route=\/wp\/v2\/users\/2"}],"replies":[{"embeddable":true,"href":"https:\/\/www.zsnovarole.cz\/index.php?rest_route=%2Fwp%2Fv2%2Fcomments&post=3631"}],"version-history":[{"count":2,"href":"https:\/\/www.zsnovarole.cz\/index.php?rest_route=\/wp\/v2\/posts\/3631\/revisions"}],"predecessor-version":[{"id":3635,"href":"https:\/\/www.zsnovarole.cz\/index.php?rest_route=\/wp\/v2\/posts\/3631\/revisions\/3635"}],"wp:attachment":[{"href":"https:\/\/www.zsnovarole.cz\/index.php?rest_route=%2Fwp%2Fv2%2Fmedia&parent=3631"}],"wp:term":[{"taxonomy":"category","embeddable":true,"href":"https:\/\/www.zsnovarole.cz\/index.php?rest_route=%2Fwp%2Fv2%2Fcategories&post=3631"},{"taxonomy":"post_tag","embeddable":true,"href":"https:\/\/www.zsnovarole.cz\/index.php?rest_route=%2Fwp%2Fv2%2Ftags&post=3631"}],"curies":[{"name":"wp","href":"https:\/\/api.w.org\/{rel}","templated":true}]}}