{"id":3689,"date":"2019-11-04T15:54:09","date_gmt":"2019-11-04T14:54:09","guid":{"rendered":"https:\/\/www.zsnovarole.cz\/?p=3689"},"modified":"2019-11-04T15:54:09","modified_gmt":"2019-11-04T14:54:09","slug":"stavka","status":"publish","type":"post","link":"https:\/\/www.zsnovarole.cz\/?p=3689","title":{"rendered":"St\u00e1vka"},"content":{"rendered":"<p>V\u00e1\u017een\u00ed rodi\u010de,<\/p>\n<p>informujeme V\u00e1s, \u017ee se Z\u00e1kladn\u00ed \u0161kola Nov\u00e1 Role, p\u0159\u00edsp\u011bvkov\u00e1 organizace, v\u010detn\u011b \u0161koln\u00ed dru\u017einy, p\u0159ipojuje k\u00a0vyhl\u00e1\u0161en\u00e9 st\u00e1vce u\u010ditel\u016f a dal\u0161\u00edch zam\u011bstnanc\u016f \u0161koly, kter\u00e1 se uskute\u010dn\u00ed 6. 11. 2019. St\u00e1vkou chceme vyj\u00e1d\u0159it nejen nesouhlas s\u00a0nedosta\u010duj\u00edc\u00edmi finan\u010dn\u00edmi prost\u0159edky na mzdy pracovn\u00edk\u016f ve \u0161kolstv\u00ed, ale zejm\u00e9na s\u00a0nesyst\u00e9mov\u00fdmi a nekoncep\u010dn\u00edmi kroky M\u0160MT v\u00a0posledn\u00edch n\u011bkolika letech. Z\u00fa\u010dastn\u011bn\u00ed zam\u011bstnanci budou \u010derpat neplacen\u00e9 volno. Z\u00e1kladn\u00ed \u0161kola bude uzav\u0159ena v\u010detn\u011b \u0161koln\u00ed dru\u017einy. \u0160koln\u00ed j\u00eddelna bude fungovat. Ob\u011bdy za nedotovanou cenu je pot\u0159eba p\u0159ihl\u00e1sit do 5. 11. vedouc\u00ed \u0160J.<\/p>\n<p>Term\u00edn otev\u0159en\u00e9ho vyu\u010dov\u00e1n\u00ed bude p\u0159elo\u017een na st\u0159edu 13. 11. 2019.<\/p>\n<p>D\u011bkujeme za pochopen\u00ed, zam\u011bstnanci \u0161koly.<\/p>\n","protected":false},"excerpt":{"rendered":"<p>V\u00e1\u017een\u00ed rodi\u010de, informujeme V\u00e1s, \u017ee se Z\u00e1kladn\u00ed \u0161kola Nov\u00e1 Role, p\u0159\u00edsp\u011bvkov\u00e1 organizace, v\u010detn\u011b \u0161koln\u00ed dru\u017einy, p\u0159ipojuje k\u00a0vyhl\u00e1\u0161en\u00e9 st\u00e1vce u\u010ditel\u016f a dal\u0161\u00edch zam\u011bstnanc\u016f \u0161koly, kter\u00e1 se uskute\u010dn\u00ed 6. 11. 2019. St\u00e1vkou chceme vyj\u00e1d\u0159it nejen nesouhlas s\u00a0nedosta\u010duj\u00edc\u00edmi finan\u010dn\u00edmi prost\u0159edky na mzdy pracovn\u00edk\u016f ve \u0161kolstv\u00ed, ale zejm\u00e9na s\u00a0nesyst\u00e9mov\u00fdmi a nekoncep\u010dn\u00edmi kroky M\u0160MT v\u00a0posledn\u00edch n\u011bkolika letech. Z\u00fa\u010dastn\u011bn\u00ed zam\u011bstnanci budou \u010derpat neplacen\u00e9 volno. Z\u00e1kladn\u00ed \u0161kola<\/p>\n","protected":false},"author":2,"featured_media":0,"comment_status":"closed","ping_status":"closed","sticky":false,"template":"","format":"standard","meta":[],"categories":[1],"tags":[],"jetpack_featured_media_url":"","_links":{"self":[{"href":"https:\/\/www.zsnovarole.cz\/index.php?rest_route=\/wp\/v2\/posts\/3689"}],"collection":[{"href":"https:\/\/www.zsnovarole.cz\/index.php?rest_route=\/wp\/v2\/posts"}],"about":[{"href":"https:\/\/www.zsnovarole.cz\/index.php?rest_route=\/wp\/v2\/types\/post"}],"author":[{"embeddable":true,"href":"https:\/\/www.zsnovarole.cz\/index.php?rest_route=\/wp\/v2\/users\/2"}],"replies":[{"embeddable":true,"href":"https:\/\/www.zsnovarole.cz\/index.php?rest_route=%2Fwp%2Fv2%2Fcomments&post=3689"}],"version-history":[{"count":1,"href":"https:\/\/www.zsnovarole.cz\/index.php?rest_route=\/wp\/v2\/posts\/3689\/revisions"}],"predecessor-version":[{"id":3690,"href":"https:\/\/www.zsnovarole.cz\/index.php?rest_route=\/wp\/v2\/posts\/3689\/revisions\/3690"}],"wp:attachment":[{"href":"https:\/\/www.zsnovarole.cz\/index.php?rest_route=%2Fwp%2Fv2%2Fmedia&parent=3689"}],"wp:term":[{"taxonomy":"category","embeddable":true,"href":"https:\/\/www.zsnovarole.cz\/index.php?rest_route=%2Fwp%2Fv2%2Fcategories&post=3689"},{"taxonomy":"post_tag","embeddable":true,"href":"https:\/\/www.zsnovarole.cz\/index.php?rest_route=%2Fwp%2Fv2%2Ftags&post=3689"}],"curies":[{"name":"wp","href":"https:\/\/api.w.org\/{rel}","templated":true}]}}