{"id":3771,"date":"2019-12-27T11:05:51","date_gmt":"2019-12-27T10:05:51","guid":{"rendered":"https:\/\/www.zsnovarole.cz\/?p=3771"},"modified":"2019-12-27T11:05:51","modified_gmt":"2019-12-27T10:05:51","slug":"ctvrtaci-v-praze","status":"publish","type":"post","link":"https:\/\/www.zsnovarole.cz\/?p=3771","title":{"rendered":"\u010ctvr\u0165\u00e1ci v Praze"},"content":{"rendered":"<p>22. listopadu 2019 vyjeli \u017e\u00e1ci obou \u010dtvrt\u00fdch t\u0159\u00edd do Prahy, aby zde nav\u0161t\u00edvili Pedagogick\u00e9<br \/>\nmuzeum Jana Amose Komensk\u00e9ho, kde absolvovali program Mal\u00fd p\u00edsa\u0159. Ps\u00e1t hus\u00edm brkem<br \/>\nnebyla \u017e\u00e1dn\u00e1 legrace. N\u00e1sledovala prohl\u00eddka Pra\u017esk\u00e9ho hradu. Po star\u00fdch z\u00e1meck\u00fdch<br \/>\nschodech vystoupali \u010dtvr\u0165\u00e1ci a\u017e k\u00a0vstupn\u00ed br\u00e1n\u011b hradu. \u00da\u017easn\u00fd pr\u016fvodce je provedl Zlatou<br \/>\nuli\u010dkou, zavedl je do Daliborky, Vladislavsk\u00e9ho s\u00e1lu, baziliky sv. Ji\u0159\u00ed a nakonec do chr\u00e1mu<br \/>\nsv. V\u00edta. \u017d\u00e1ci si kr\u00e1sn\u011b doplnili sv\u00e9 znalosti z\u00a0vlastiv\u011bdy.<\/p>\n<p><img decoding=\"async\" loading=\"lazy\" class=\"alignnone size-large wp-image-3772\" src=\"https:\/\/www.zsnovarole.cz\/wp-content\/uploads\/2019\/12\/p\u00edsa\u0159i-1024x512.jpg\" alt=\"\" width=\"860\" height=\"430\" \/><\/p>\n<p><img decoding=\"async\" loading=\"lazy\" class=\"alignnone size-large wp-image-3773\" src=\"https:\/\/www.zsnovarole.cz\/wp-content\/uploads\/2019\/12\/DSC09017-1024x650.jpg\" alt=\"\" width=\"860\" height=\"546\" \/> <img decoding=\"async\" loading=\"lazy\" class=\"alignnone size-large wp-image-3774\" src=\"https:\/\/www.zsnovarole.cz\/wp-content\/uploads\/2019\/12\/DSC09107-1024x683.jpg\" alt=\"\" width=\"860\" height=\"574\" \/><\/p>\n","protected":false},"excerpt":{"rendered":"<p>22. listopadu 2019 vyjeli \u017e\u00e1ci obou \u010dtvrt\u00fdch t\u0159\u00edd do Prahy, aby zde nav\u0161t\u00edvili Pedagogick\u00e9 muzeum Jana Amose Komensk\u00e9ho, kde absolvovali program Mal\u00fd p\u00edsa\u0159. Ps\u00e1t hus\u00edm brkem nebyla \u017e\u00e1dn\u00e1 legrace. N\u00e1sledovala prohl\u00eddka Pra\u017esk\u00e9ho hradu. Po star\u00fdch z\u00e1meck\u00fdch schodech vystoupali \u010dtvr\u0165\u00e1ci a\u017e k\u00a0vstupn\u00ed br\u00e1n\u011b hradu. \u00da\u017easn\u00fd pr\u016fvodce je provedl Zlatou uli\u010dkou, zavedl je do Daliborky, Vladislavsk\u00e9ho s\u00e1lu, baziliky sv. Ji\u0159\u00ed a nakonec<\/p>\n","protected":false},"author":2,"featured_media":0,"comment_status":"closed","ping_status":"closed","sticky":false,"template":"","format":"standard","meta":[],"categories":[1],"tags":[],"jetpack_featured_media_url":"","_links":{"self":[{"href":"https:\/\/www.zsnovarole.cz\/index.php?rest_route=\/wp\/v2\/posts\/3771"}],"collection":[{"href":"https:\/\/www.zsnovarole.cz\/index.php?rest_route=\/wp\/v2\/posts"}],"about":[{"href":"https:\/\/www.zsnovarole.cz\/index.php?rest_route=\/wp\/v2\/types\/post"}],"author":[{"embeddable":true,"href":"https:\/\/www.zsnovarole.cz\/index.php?rest_route=\/wp\/v2\/users\/2"}],"replies":[{"embeddable":true,"href":"https:\/\/www.zsnovarole.cz\/index.php?rest_route=%2Fwp%2Fv2%2Fcomments&post=3771"}],"version-history":[{"count":1,"href":"https:\/\/www.zsnovarole.cz\/index.php?rest_route=\/wp\/v2\/posts\/3771\/revisions"}],"predecessor-version":[{"id":3775,"href":"https:\/\/www.zsnovarole.cz\/index.php?rest_route=\/wp\/v2\/posts\/3771\/revisions\/3775"}],"wp:attachment":[{"href":"https:\/\/www.zsnovarole.cz\/index.php?rest_route=%2Fwp%2Fv2%2Fmedia&parent=3771"}],"wp:term":[{"taxonomy":"category","embeddable":true,"href":"https:\/\/www.zsnovarole.cz\/index.php?rest_route=%2Fwp%2Fv2%2Fcategories&post=3771"},{"taxonomy":"post_tag","embeddable":true,"href":"https:\/\/www.zsnovarole.cz\/index.php?rest_route=%2Fwp%2Fv2%2Ftags&post=3771"}],"curies":[{"name":"wp","href":"https:\/\/api.w.org\/{rel}","templated":true}]}}