{"id":3796,"date":"2020-02-06T10:44:21","date_gmt":"2020-02-06T09:44:21","guid":{"rendered":"https:\/\/www.zsnovarole.cz\/?p=3796"},"modified":"2020-02-06T10:57:05","modified_gmt":"2020-02-06T09:57:05","slug":"projekt-pribehy-nasich-sousedu","status":"publish","type":"post","link":"https:\/\/www.zsnovarole.cz\/?p=3796","title":{"rendered":"Projekt P\u0159\u00edb\u011bhy na\u0161ich soused\u016f"},"content":{"rendered":"<p>T\u0159i \u017e\u00e1ci 9. ro\u010dn\u00edku se zapojili do projektu pod z\u00e1\u0161titou organizac\u00ed Post bellum a Pam\u011b\u0165 n\u00e1roda s n\u00e1zvem <a href=\"https:\/\/www.pribehynasichsousedu.cz\/\">P\u0159\u00edb\u011bhy na\u0161ich soused\u016f<\/a>. C\u00edlem je vyzpov\u00eddat m\u00edstn\u00edho pam\u011btn\u00edka a jeho vzpom\u00ednky zpracovat a n\u00e1sledn\u011b prezentovat v rozhlase a na ve\u0159ejn\u00e9 prezentaci. Ta se uskute\u010dn\u00ed v aule Prvn\u00edho \u010desk\u00e9ho gymn\u00e1zia v Karlov\u00fdch Varech 19. 2. 2020.<\/p>\n<p><img decoding=\"async\" loading=\"lazy\" class=\"alignnone size-large wp-image-3797\" src=\"https:\/\/www.zsnovarole.cz\/wp-content\/uploads\/2020\/02\/P\u0159\u00edb\u011bhy-na\u0161ich-soused\u016f-1024x959.jpg\" alt=\"\" width=\"860\" height=\"805\" srcset=\"https:\/\/www.zsnovarole.cz\/wp-content\/uploads\/2020\/02\/P\u0159\u00edb\u011bhy-na\u0161ich-soused\u016f-1024x959.jpg 1024w, https:\/\/www.zsnovarole.cz\/wp-content\/uploads\/2020\/02\/P\u0159\u00edb\u011bhy-na\u0161ich-soused\u016f-300x281.jpg 300w, https:\/\/www.zsnovarole.cz\/wp-content\/uploads\/2020\/02\/P\u0159\u00edb\u011bhy-na\u0161ich-soused\u016f-768x719.jpg 768w, https:\/\/www.zsnovarole.cz\/wp-content\/uploads\/2020\/02\/P\u0159\u00edb\u011bhy-na\u0161ich-soused\u016f.jpg 1039w\" sizes=\"(max-width: 860px) 100vw, 860px\" \/><\/p>\n","protected":false},"excerpt":{"rendered":"<p>T\u0159i \u017e\u00e1ci 9. ro\u010dn\u00edku se zapojili do projektu pod z\u00e1\u0161titou organizac\u00ed Post bellum a Pam\u011b\u0165 n\u00e1roda s n\u00e1zvem P\u0159\u00edb\u011bhy na\u0161ich soused\u016f. C\u00edlem je vyzpov\u00eddat m\u00edstn\u00edho pam\u011btn\u00edka a jeho vzpom\u00ednky zpracovat a n\u00e1sledn\u011b prezentovat v rozhlase a na ve\u0159ejn\u00e9 prezentaci. Ta se uskute\u010dn\u00ed v aule Prvn\u00edho \u010desk\u00e9ho gymn\u00e1zia v Karlov\u00fdch Varech 19. 2. 2020.<\/p>\n","protected":false},"author":2,"featured_media":0,"comment_status":"closed","ping_status":"closed","sticky":false,"template":"","format":"standard","meta":[],"categories":[1],"tags":[],"jetpack_featured_media_url":"","_links":{"self":[{"href":"https:\/\/www.zsnovarole.cz\/index.php?rest_route=\/wp\/v2\/posts\/3796"}],"collection":[{"href":"https:\/\/www.zsnovarole.cz\/index.php?rest_route=\/wp\/v2\/posts"}],"about":[{"href":"https:\/\/www.zsnovarole.cz\/index.php?rest_route=\/wp\/v2\/types\/post"}],"author":[{"embeddable":true,"href":"https:\/\/www.zsnovarole.cz\/index.php?rest_route=\/wp\/v2\/users\/2"}],"replies":[{"embeddable":true,"href":"https:\/\/www.zsnovarole.cz\/index.php?rest_route=%2Fwp%2Fv2%2Fcomments&post=3796"}],"version-history":[{"count":2,"href":"https:\/\/www.zsnovarole.cz\/index.php?rest_route=\/wp\/v2\/posts\/3796\/revisions"}],"predecessor-version":[{"id":3799,"href":"https:\/\/www.zsnovarole.cz\/index.php?rest_route=\/wp\/v2\/posts\/3796\/revisions\/3799"}],"wp:attachment":[{"href":"https:\/\/www.zsnovarole.cz\/index.php?rest_route=%2Fwp%2Fv2%2Fmedia&parent=3796"}],"wp:term":[{"taxonomy":"category","embeddable":true,"href":"https:\/\/www.zsnovarole.cz\/index.php?rest_route=%2Fwp%2Fv2%2Fcategories&post=3796"},{"taxonomy":"post_tag","embeddable":true,"href":"https:\/\/www.zsnovarole.cz\/index.php?rest_route=%2Fwp%2Fv2%2Ftags&post=3796"}],"curies":[{"name":"wp","href":"https:\/\/api.w.org\/{rel}","templated":true}]}}