{"id":3916,"date":"2020-03-19T14:13:56","date_gmt":"2020-03-19T13:13:56","guid":{"rendered":"https:\/\/www.zsnovarole.cz\/?p=3916"},"modified":"2020-03-23T18:24:49","modified_gmt":"2020-03-23T17:24:49","slug":"jsme-v-tom-spolecne","status":"publish","type":"post","link":"https:\/\/www.zsnovarole.cz\/?p=3916","title":{"rendered":"Jsme v tom spole\u010dn\u011b!"},"content":{"rendered":"<p>Celosv\u011btov\u011b se \u0159adu t\u00fddn\u016f \u0159e\u0161\u00ed n\u00e1kaza virem COVID-19. Ohnisko se bohu\u017eel p\u0159esunulo do Evropy a v\u00fdznamn\u011b se dot\u00fdk\u00e1 na\u0161\u00ed zem\u011b. Koronavirov\u00e1 pandemie se dostala do pop\u0159ed\u00ed spole\u010densk\u00e9 diskuze. Pomoc jednotlivc\u016fm, cel\u00fdm rodin\u00e1m i v\u0161em obyvatel\u016fm \u010cesk\u00e9 republiky je samoz\u0159ejm\u00e1, jsme v tom p\u0159ece v\u0161ichni spole\u010dn\u011b. Zneva\u017eov\u00e1n\u00ed<br \/>\nonemocn\u011bn\u00ed a nerespektov\u00e1n\u00ed legislativy nen\u00ed v sou\u010dasn\u00e9 dob\u011b na m\u00edst\u011b. Zm\u011bnou p\u0159\u00edstupu,<br \/>\nchov\u00e1n\u00ed a n\u00e1vyk\u016f dok\u00e1\u017eeme v\u0161ichni dohromady situaci zvl\u00e1dnout. Respektujme ve vlastn\u00edm z\u00e1jmu aktu\u00e1ln\u00ed pot\u0159eby spole\u010dnosti!<br \/>\nApelujeme proto na v\u0161echny ob\u010dany \u010cesk\u00e9 republiky, aby chr\u00e1nili sv\u00e9 zdrav\u00ed a p\u0159isp\u011bli sv\u00fdm po\u010d\u00edn\u00e1n\u00edm k ozdraven\u00ed cel\u00e9 populace. Respektov\u00e1n\u00ed nastaven\u00fdch opat\u0159en\u00ed znamen\u00e1 nejen dodr\u017eov\u00e1n\u00ed legislativy, ale i dodr\u017eov\u00e1n\u00ed hygienick\u00fdch a mor\u00e1ln\u00edch pravidel s uv\u011bdom\u011bn\u00edm si mezigenera\u010dn\u00edch, a pro star\u0161\u00ed populaci, mo\u017en\u00e1 i fat\u00e1ln\u00edch dopad\u016f. I p\u0159es mnoh\u00e1 a opakovan\u00e1 upozorn\u011bn\u00ed a stovky telefon\u00e1t\u016f, se na ve\u0159ejnosti a ve zdravotnick\u00fdch za\u0159\u00edzen\u00edch objevuj\u00ed na\u0161i star\u0161\u00ed spoluob\u010dan\u00e9. T\u00e9m\u011b\u0159 v\u0161ichni jsme jist\u011b zaznamenali, \u017ee zejm\u00e9na pro seniory m\u016f\u017ee b\u00fdt jak\u00fdkoliv styk s infek\u010dn\u00ed osobou a nemoc\u00ed COVID-19 velmi nebezpe\u010dn\u00fd a\u017e fat\u00e1ln\u00ed. Jsou zkr\u00e1tka ti nejzraniteln\u011bj\u0161\u00ed z n\u00e1s. Pokusme se proto v\u0161ichni svoj\u00ed cestou seniory p\u0159esv\u011bd\u010dit, \u017ee se maj\u00ed co nejv\u00edce chr\u00e1nit, dr\u017eet se v bezpe\u010d\u00ed domova, zbyte\u010dn\u011b nevych\u00e1zet, po\u017e\u00e1dat o donesen\u00ed n\u00e1kupu, l\u00e9ka\u0159\u016fm se neost\u00fdchat zavolat a nikam necestovat m\u011bstskou hromadnou dopravou.<br \/>\nTak, jako jsme se ji\u017e nap\u0159\u00ed\u010d generacemi nau\u010dili preventivn\u011b pe\u010dovat o sv\u00e9 osobn\u00ed bezpe\u010d\u00ed, nenechat se nap\u00e1lit a nest\u00e1t se ob\u011btmi trestn\u00fdch \u010din\u016f, poj\u010fme si i te\u010f j\u00edt navz\u00e1jem p\u0159\u00edkladem a po\u010d\u00ednejme si tak, abychom p\u0159isp\u011bli k zamezen\u00ed \u0161\u00ed\u0159en\u00ed n\u00e1kazy.<br \/>\n\u0160kol\u00e1ci, nesch\u00e1zejte se v parc\u00edch ve skupink\u00e1ch, nepo\u0159\u00e1dejte p\u00e1rty, jd\u011bte p\u0159\u00edkladem sv\u00fdm prarodi\u010d\u016fm dodr\u017eov\u00e1n\u00edm bezpe\u010dnostn\u00edch opat\u0159en\u00ed. Babi\u010dky, d\u011bde\u010dky, teti\u010dky i str\u00fd\u010dky p\u0159esv\u011bd\u010dte sv\u00fdm chov\u00e1n\u00edm k tomu, \u017ee ani oni nebudou podce\u0148ovat doporu\u010den\u00ed souvisej\u00edc\u00ed s aktu\u00e1ln\u00ed zdravotn\u00ed hrozbou.<\/p>\n<p>plk. Zuzana Pidrmanov\u00e1<br \/>\nodd\u011blen\u00ed prevence Policejn\u00edho prezidia \u010cR<br \/>\n17. 3. 2020<\/p>\n","protected":false},"excerpt":{"rendered":"<p>Celosv\u011btov\u011b se \u0159adu t\u00fddn\u016f \u0159e\u0161\u00ed n\u00e1kaza virem COVID-19. Ohnisko se bohu\u017eel p\u0159esunulo do Evropy a v\u00fdznamn\u011b se dot\u00fdk\u00e1 na\u0161\u00ed zem\u011b. Koronavirov\u00e1 pandemie se dostala do pop\u0159ed\u00ed spole\u010densk\u00e9 diskuze. Pomoc jednotlivc\u016fm, cel\u00fdm rodin\u00e1m i v\u0161em obyvatel\u016fm \u010cesk\u00e9 republiky je samoz\u0159ejm\u00e1, jsme v tom p\u0159ece v\u0161ichni spole\u010dn\u011b. Zneva\u017eov\u00e1n\u00ed onemocn\u011bn\u00ed a nerespektov\u00e1n\u00ed legislativy nen\u00ed v sou\u010dasn\u00e9 dob\u011b na m\u00edst\u011b. Zm\u011bnou p\u0159\u00edstupu, chov\u00e1n\u00ed a<\/p>\n","protected":false},"author":2,"featured_media":0,"comment_status":"closed","ping_status":"closed","sticky":false,"template":"","format":"standard","meta":[],"categories":[1],"tags":[],"jetpack_featured_media_url":"","_links":{"self":[{"href":"https:\/\/www.zsnovarole.cz\/index.php?rest_route=\/wp\/v2\/posts\/3916"}],"collection":[{"href":"https:\/\/www.zsnovarole.cz\/index.php?rest_route=\/wp\/v2\/posts"}],"about":[{"href":"https:\/\/www.zsnovarole.cz\/index.php?rest_route=\/wp\/v2\/types\/post"}],"author":[{"embeddable":true,"href":"https:\/\/www.zsnovarole.cz\/index.php?rest_route=\/wp\/v2\/users\/2"}],"replies":[{"embeddable":true,"href":"https:\/\/www.zsnovarole.cz\/index.php?rest_route=%2Fwp%2Fv2%2Fcomments&post=3916"}],"version-history":[{"count":2,"href":"https:\/\/www.zsnovarole.cz\/index.php?rest_route=\/wp\/v2\/posts\/3916\/revisions"}],"predecessor-version":[{"id":3919,"href":"https:\/\/www.zsnovarole.cz\/index.php?rest_route=\/wp\/v2\/posts\/3916\/revisions\/3919"}],"wp:attachment":[{"href":"https:\/\/www.zsnovarole.cz\/index.php?rest_route=%2Fwp%2Fv2%2Fmedia&parent=3916"}],"wp:term":[{"taxonomy":"category","embeddable":true,"href":"https:\/\/www.zsnovarole.cz\/index.php?rest_route=%2Fwp%2Fv2%2Fcategories&post=3916"},{"taxonomy":"post_tag","embeddable":true,"href":"https:\/\/www.zsnovarole.cz\/index.php?rest_route=%2Fwp%2Fv2%2Ftags&post=3916"}],"curies":[{"name":"wp","href":"https:\/\/api.w.org\/{rel}","templated":true}]}}