{"id":3974,"date":"2020-05-06T15:10:11","date_gmt":"2020-05-06T13:10:11","guid":{"rendered":"https:\/\/www.zsnovarole.cz\/?p=3974"},"modified":"2020-05-06T15:22:29","modified_gmt":"2020-05-06T13:22:29","slug":"informace-pro-zakonne-zastupce-zaku-1-5-rocniku","status":"publish","type":"post","link":"https:\/\/www.zsnovarole.cz\/?p=3974","title":{"rendered":"Informace pro z\u00e1konn\u00e9 z\u00e1stupce \u017e\u00e1k\u016f 1.-5. ro\u010dn\u00edk\u016f"},"content":{"rendered":"<p>V\u00e1\u017een\u00ed rodi\u010de,<\/p>\n<p>od 25. kv\u011btna je mo\u017en\u00e1 p\u0159\u00edtomnost \u017e\u00e1k\u016f 1. \u2013 5. t\u0159\u00edd ve \u0161kole za jasn\u011b stanoven\u00fdch pravidel, kter\u00e9 jsme dostali od M\u0160MT. N\u00ed\u017ee pravidla shrnuji:<\/p>\n<ol>\n<li>V\u00fduka bude m\u00edt jinou podobu, ne\u017e je obvykl\u00e9. St\u00e1le bude hlavn\u00ed pozornost v\u011bnov\u00e1na v\u00fduce na d\u00e1lku s\u00a0t\u00edm, \u017ee ji d\u011bti budou plnit bu\u010f doma, nebo ve \u0161kole hromadn\u011b ve skupin\u00e1ch. Jeliko\u017e u\u010ditelka nem\u016f\u017ee z\u00e1rove\u0148 u\u010dit d\u011bti doma a ve \u0161kole, je mo\u017en\u00e9, \u017ee t\u0159\u00eddn\u00ed u\u010ditelky nebudou u\u010dit svou t\u0159\u00eddu, proto\u017ee budou bu\u010f p\u0159ipravovat v\u00fduku na d\u00e1lku, nebo spadaj\u00ed do rizikov\u00e9 skupiny a tud\u00ed\u017e do \u0161koly nemohou. Ve \u0161koln\u00edch skupin\u00e1ch budou s\u00a0d\u011btmi pracovat t\u00e9\u017e asistentky pedagoga, vychovatelky a \u010d\u00e1ste\u010dn\u011b u\u010ditel\u00e9 z 2. stupn\u011b. Skupiny mohou b\u00fdt sm\u00ed\u0161en\u00e9 nap\u0159\u00ed\u010d ro\u010dn\u00edky nebo spojen\u00e9 z\u00a0v\u00edce t\u0159\u00edd v\u00a0ro\u010dn\u00edku, v\u0161e z\u00e1le\u017e\u00ed na tom, kolik d\u011bt\u00ed se nakonec p\u0159ihl\u00e1s\u00ed. Skupiny budou nem\u011bnn\u00e9 a\u017e do \u010dervna.<\/li>\n<\/ol>\n<p>&nbsp;<\/p>\n<ol start=\"2\">\n<li>P\u0159\u00edtomnost d\u011bt\u00ed ve \u0161kole nen\u00ed povinn\u00e1. Dopoledn\u00ed blok bude v\u00fdukov\u00fd a d\u011bti budou plnit stejn\u00e9 \u00fakoly jako d\u011bti p\u0159i dom\u00e1c\u00ed v\u00fduce. V\u0161e bude p\u0159ipravovat t\u0159\u00eddn\u00ed u\u010ditel jako doposud. Odpoledne bude z\u00e1jmov\u00fd blok, kter\u00fd bude fungovat podobn\u011b jako dru\u017eina. Jen se skupiny nesm\u00ed m\u00edchat a potk\u00e1vat. Skupiny tak\u00e9 mus\u00ed z\u016fstat v\u00a0are\u00e1lu \u0161koly, z\u0159ejm\u011b tedy nebudou mo\u017en\u00e9 proch\u00e1zky do okol\u00ed, pokud se na\u0159\u00edzen\u00ed je\u0161t\u011b nezm\u011bn\u00ed.<\/li>\n<\/ol>\n<p>&nbsp;<\/p>\n<ol start=\"3\">\n<li>Po\u010d\u00edt\u00e1me i se \u0161koln\u00ed j\u00eddelnou, d\u011bti budou chodit na ob\u011bd po skupin\u00e1ch tak, aby se v\u00a0j\u00eddeln\u011b nepotk\u00e1valy.<\/li>\n<\/ol>\n<p>&nbsp;<\/p>\n<ol start=\"4\">\n<li>P\u0159ipravujeme pro d\u011bti ochrann\u00e9 \u0161t\u00edty, kter\u00e9 si vezmou p\u0159i p\u0159\u00edchodu do \u0161koly, podep\u00ed\u0161\u00ed si je a p\u0159i odchodu odlo\u017e\u00ed na ur\u010den\u00e9 m\u00edsto. \u0160t\u00edty pak budeme hromadn\u011b dezinfikovat. Ka\u017ed\u00e9 d\u00edt\u011b mus\u00ed m\u00edt t\u00e9\u017e dv\u011b rou\u0161ky a s\u00e1\u010dek na ulo\u017een\u00ed. Rou\u0161ky budou nosit ve spole\u010dn\u00fdch prostor\u00e1ch a v\u00a0are\u00e1lu \u0161koly. Zva\u017ete, jestli to va\u0161e d\u00edt\u011b zvl\u00e1dne. Bude tak\u00e9 nutn\u00e9 dodr\u017eovat 2 m rozestupy.<\/li>\n<\/ol>\n<p>&nbsp;<\/p>\n<ol start=\"5\">\n<li>P\u0159edpokl\u00e1d\u00e1me, \u017ee za\u010d\u00e1tek v\u00fduky budeme muset rozf\u00e1zovat, aby se u vchodu nehromadily d\u011bti a rodi\u010de. <strong>Nesm\u00ed b\u00fdt v\u00a0provozu rann\u00ed dru\u017eina<\/strong>.<\/li>\n<\/ol>\n<p>&nbsp;<\/p>\n<ol start=\"6\">\n<li>Konec odpoledn\u00ed dru\u017einy bude v\u00a016 hodin. Budeme v\u0161ak r\u00e1di, kdy\u017e star\u0161\u00ed d\u011bti, kter\u00e9 nejsou zvykl\u00e9 chodit do \u0160D, budou po dopoledn\u00ed v\u00fduce odch\u00e1zet dom\u016f. Skupiny mus\u00ed b\u00fdt st\u00e1le odd\u011blen\u00e9, tud\u00ed\u017e bude obt\u00ed\u017en\u00e9 udr\u017eet v\u0161echny d\u011bti na mal\u00e9m pozemku \u0161koly v\u00a0rozestupech.<\/li>\n<\/ol>\n<p>&nbsp;<\/p>\n<ol start=\"7\">\n<li>Dal\u0161\u00edm omezen\u00edm je tzv. rizikov\u00e1 skupina, co\u017e je:<\/li>\n<li>V\u011bk nad 65 let s p\u0159idru\u017een\u00fdmi chronick\u00fdmi chorobami.<\/li>\n<li>Chronick\u00e9 onemocn\u011bn\u00ed plic\u00a0<em>(zahrnuje i st\u0159edn\u011b z\u00e1va\u017en\u00e9 a z\u00e1va\u017en\u00e9 astma bronchiale)\u00a0<\/em>s\u00a0dlouhodobou\u00a0syst\u00e9movou farmakologickou l\u00e9\u010dbou.<\/li>\n<li>Onemocn\u011bn\u00ed srdce a\/nebo velk\u00fdch c\u00e9v s dlouhodobou syst\u00e9movou farmakologickou l\u00e9\u010dbou nap\u0159. hypertenze.<\/li>\n<li>Porucha imunitn\u00edho syst\u00e9mu, nap\u0159.<br \/>\na) p\u0159i imunosupresivn\u00ed l\u00e9\u010db\u011b\u00a0<em>(steroidy, HIV apod.)<\/em>,<br \/>\nb) p\u0159i protin\u00e1dorov\u00e9 l\u00e9\u010db\u011b,<br \/>\nc) po transplantaci solidn\u00edch org\u00e1n\u016f a\/nebo kostn\u00ed d\u0159en\u011b<\/li>\n<li>T\u011b\u017ek\u00e1 obezita\u00a0<em>(BMI nad 40 kg\/m2)<\/em>.<\/li>\n<\/ol>\n<ul>\n<li>Farmakologicky l\u00e9\u010den\u00fd diabetes mellitus.<\/li>\n<\/ul>\n<ol>\n<li>Chronick\u00e9 onemocn\u011bn\u00ed ledvin vy\u017eaduj\u00edc\u00ed do\u010dasnou nebo trvalou podporu\/n\u00e1hradu funkce ledvin\u00a0<em>(dial\u00fdza)<\/em>.<\/li>\n<li>Onemocn\u011bn\u00ed jater\u00a0<em>(prim\u00e1rn\u00ed nebo sekund\u00e1rn\u00ed)<\/em><\/li>\n<\/ol>\n<p><u>Do rizikov\u00e9 skupiny pat\u0159\u00ed \u017e\u00e1k, kter\u00fd osobn\u011b napl\u0148uje alespo\u0148 jeden bod uveden\u00fd v\u00fd\u0161e nebo pokud n\u011bkter\u00fd\u00a0z bod\u016f napl\u0148uje jak\u00e1koliv osoba, kter\u00e1 s n\u00edm \u017eije ve spole\u010dn\u00e9 dom\u00e1cnosti.<\/u><br \/>\nDoporu\u010duje se, aby z\u00e1konn\u00ed z\u00e1stupci zv\u00e1\u017eili tyto rizikov\u00e9 faktory a rozhodli\u00a0o \u00fa\u010dasti \u017e\u00e1ka na vzd\u011bl\u00e1vac\u00edch aktivit\u00e1ch s t\u00edmto v\u011bdom\u00edm.<\/p>\n<ol start=\"8\">\n<li>Z\u00e1konn\u00fd z\u00e1stupce je povinen do 3 dn\u016f omluvit v\u00a0sekretari\u00e1tu \u0161koly na tel. \u010d\u00edsle 774\u00a0362\u00a0251 nebo prost\u0159ednictv\u00edm Bakal\u00e1\u0159\u016f t\u0159\u00eddn\u00edm u\u010ditel\u016fm.<\/li>\n<\/ol>\n<p>&nbsp;<\/p>\n<ol start=\"9\">\n<li>Dal\u0161\u00ed organiza\u010dn\u00ed pokyny obdr\u017e\u00edte s\u00a0konkr\u00e9tn\u00edm za\u0159azen\u00edm Va\u0161eho d\u00edt\u011bte do skupiny.<\/li>\n<\/ol>\n<p><strong>P\u0159i prvn\u00edm vstupu do \u0161koly bude nutn\u00e9 p\u0159edlo\u017eit\u00a0<\/strong><a href=\"https:\/\/www.kameniceskola.cz\/wp-content\/uploads\/2020\/05\/P%C5%98%C3%8DLOHA-%C4%8Destn%C3%A9-prohl%C3%A1%C5%A1en%C3%AD.pdf\"><strong>\u010cESTN\u00c9 PROHL\u00c1\u0160EN\u00cd<\/strong><\/a><strong>, \u00a0kter\u00e9 obsahuje:<\/strong><strong><br \/>\n<\/strong>a)\u00a0p\u00edsemn\u00e9 sezn\u00e1men\u00ed s vymezen\u00edm rizikov\u00fdch skupin stanoven\u00fdch Ministerstvem zdravotnictv\u00ed a\u00a0<span style=\"font-size: 0.95em;\">b) p\u00edsemn\u00e9 \u010destn\u00e9 prohl\u00e1\u0161en\u00ed o neexistenci p\u0159\u00edznak\u016f virov\u00e9ho infek\u010dn\u00edho onemocn\u011bn\u00ed<\/span><\/p>\n<p>Pros\u00edm, v\u0161e d\u016fkladn\u011b zva\u017ete a vypl\u0148te dotazn\u00edk zde:<\/p>\n<p><a href=\"https:\/\/docs.google.com\/forms\/d\/e\/1FAIpQLSctF0W5OK_f0_T9ePPw2kwD3Rmxecnz7itiuBv6Rk10V72prA\/viewform\">https:\/\/docs.google.com\/forms\/d\/e\/1FAIpQLSctF0W5OK_f0_T9ePPw2kwD3Rmxecnz7itiuBv6Rk10V72prA\/viewform<\/a><\/p>\n<p>Pokud by se p\u0159ihl\u00e1silo v\u00edce d\u011bt\u00ed, ne\u017e jsou na\u0161e organiza\u010dn\u00ed a person\u00e1ln\u00ed mo\u017enosti, budou up\u0159ednost\u0148ov\u00e1ni \u017e\u00e1ci od nejni\u017e\u0161\u00edch t\u0159\u00edd.<\/p>\n<p>&nbsp;<\/p>\n<p>Pokud m\u00e1te v\u00edce d\u011bt\u00ed na 1. stupni, vypl\u0148te za ka\u017ed\u00e9 d\u00edt\u011b zvl\u00e1\u0161\u0165. Tento dotazn\u00edk je otev\u0159en do 14. 5., abychom si ud\u011blali p\u0159edstavu, kolik \u017e\u00e1k\u016f do \u0161koly doraz\u00ed. Pokud budete cht\u00edt vyu\u017e\u00edt term\u00edn posledn\u00edho p\u0159ihl\u00e1\u0161en\u00ed do 18.5. do 10 hodin, napi\u0161te potom na e-mail <a href=\"mailto:d.slavikova@zsnovarole.cz\">d.slavikova@zsnovarole.cz<\/a> . Potom to ji\u017e nebude mo\u017en\u00e9.<\/p>\n<p>Pokud budete m\u00edt n\u011bjak\u00e9 dotazy, jsem v\u00e1m k\u00a0dispozici na telefonu 734\u00a0705\u00a0338.<\/p>\n<p>Ester Nov\u00e1kov\u00e1, \u0159editelka \u0161koly<\/p>\n<p><a href=\"https:\/\/www.zsnovarole.cz\/wp-content\/uploads\/2020\/05\/20200502-\u010cestn\u00e9-prohl\u00e1\u0161en\u00ed-z\u00e1k.-z\u00e1st..pdf\">\u010cestn\u00e9 prohl\u00e1\u0161en\u00ed z\u00e1konn\u00fdch z\u00e1stupc\u016f.<\/a><\/p>\n","protected":false},"excerpt":{"rendered":"<p>V\u00e1\u017een\u00ed rodi\u010de, od 25. kv\u011btna je mo\u017en\u00e1 p\u0159\u00edtomnost \u017e\u00e1k\u016f 1. \u2013 5. t\u0159\u00edd ve \u0161kole za jasn\u011b stanoven\u00fdch pravidel, kter\u00e9 jsme dostali od M\u0160MT. N\u00ed\u017ee pravidla shrnuji: V\u00fduka bude m\u00edt jinou podobu, ne\u017e je obvykl\u00e9. St\u00e1le bude hlavn\u00ed pozornost v\u011bnov\u00e1na v\u00fduce na d\u00e1lku s\u00a0t\u00edm, \u017ee ji d\u011bti budou plnit bu\u010f doma, nebo ve \u0161kole hromadn\u011b ve skupin\u00e1ch. Jeliko\u017e u\u010ditelka nem\u016f\u017ee<\/p>\n","protected":false},"author":2,"featured_media":0,"comment_status":"closed","ping_status":"closed","sticky":false,"template":"","format":"standard","meta":[],"categories":[1],"tags":[],"jetpack_featured_media_url":"","_links":{"self":[{"href":"https:\/\/www.zsnovarole.cz\/index.php?rest_route=\/wp\/v2\/posts\/3974"}],"collection":[{"href":"https:\/\/www.zsnovarole.cz\/index.php?rest_route=\/wp\/v2\/posts"}],"about":[{"href":"https:\/\/www.zsnovarole.cz\/index.php?rest_route=\/wp\/v2\/types\/post"}],"author":[{"embeddable":true,"href":"https:\/\/www.zsnovarole.cz\/index.php?rest_route=\/wp\/v2\/users\/2"}],"replies":[{"embeddable":true,"href":"https:\/\/www.zsnovarole.cz\/index.php?rest_route=%2Fwp%2Fv2%2Fcomments&post=3974"}],"version-history":[{"count":4,"href":"https:\/\/www.zsnovarole.cz\/index.php?rest_route=\/wp\/v2\/posts\/3974\/revisions"}],"predecessor-version":[{"id":3983,"href":"https:\/\/www.zsnovarole.cz\/index.php?rest_route=\/wp\/v2\/posts\/3974\/revisions\/3983"}],"wp:attachment":[{"href":"https:\/\/www.zsnovarole.cz\/index.php?rest_route=%2Fwp%2Fv2%2Fmedia&parent=3974"}],"wp:term":[{"taxonomy":"category","embeddable":true,"href":"https:\/\/www.zsnovarole.cz\/index.php?rest_route=%2Fwp%2Fv2%2Fcategories&post=3974"},{"taxonomy":"post_tag","embeddable":true,"href":"https:\/\/www.zsnovarole.cz\/index.php?rest_route=%2Fwp%2Fv2%2Ftags&post=3974"}],"curies":[{"name":"wp","href":"https:\/\/api.w.org\/{rel}","templated":true}]}}