{"id":4154,"date":"2020-10-30T10:45:53","date_gmt":"2020-10-30T09:45:53","guid":{"rendered":"https:\/\/www.zsnovarole.cz\/?p=4154"},"modified":"2020-10-30T10:45:53","modified_gmt":"2020-10-30T09:45:53","slug":"skolni-jidelna-od-2-11-2020","status":"publish","type":"post","link":"https:\/\/www.zsnovarole.cz\/?p=4154","title":{"rendered":"\u0160koln\u00ed j\u00eddelna od 2.11.2020"},"content":{"rendered":"<p style=\"font-weight: 400;\">\u0160koln\u00ed j\u00eddelna bude i nad\u00e1le va\u0159it, ale ob\u011bdy budou d\u011btem vyd\u00e1v\u00e1ny u v\u00fddejov\u00e9ho\u00a0ok\u00e9nka\u00a0 do jednor\u00e1zov\u00e9ho obalu (bez pol\u00e9vky), kter\u00e9 si odnesou s\u00a0sebou.<\/p>\n<p style=\"font-weight: 400;\">\u00a0D\u011bti, kter\u00e9 chodily na ob\u011bdy k\u00a0datu 23.10. jsou p\u0159ihl\u00e1\u0161en\u00e9.<\/p>\n<p style=\"font-weight: 400;\">V\u00fddej ob\u011bd\u016f prob\u00edh\u00e1 podle stejn\u00e9ho \u010dasov\u00e9ho harmonogramu, jako p\u0159ed pr\u00e1zdninami, pros\u00edme o jeho dodr\u017eov\u00e1n\u00ed.<\/p>\n<p style=\"font-weight: 400;\">P\u0159ihl\u00e1\u0161ky \u2013 odhl\u00e1\u0161ky na tel. 353 951\u00a0209<\/p>\n<p style=\"font-weight: 400;\"><u>Rozpis v\u00fddeje:<\/u><\/p>\n<p style=\"font-weight: 400;\">11.30 -1. t\u0159\u00eddy<\/p>\n<p style=\"font-weight: 400;\">12.00 &#8211; 2.t\u0159\u00eddy<\/p>\n<p style=\"font-weight: 400;\">12,15 &#8211; 3. t\u0159\u00eddy<\/p>\n<p style=\"font-weight: 400;\">12.30 &#8211; 4.+5. t\u0159\u00eddy<\/p>\n<p style=\"font-weight: 400;\">13.00 &#8211; 6.+7. t\u0159\u00eddy,<\/p>\n<p style=\"font-weight: 400;\">13.30 &#8211; 8.+9. t\u0159\u00eddy<\/p>\n","protected":false},"excerpt":{"rendered":"<p>\u0160koln\u00ed j\u00eddelna bude i nad\u00e1le va\u0159it, ale ob\u011bdy budou d\u011btem vyd\u00e1v\u00e1ny u v\u00fddejov\u00e9ho\u00a0ok\u00e9nka\u00a0 do jednor\u00e1zov\u00e9ho obalu (bez pol\u00e9vky), kter\u00e9 si odnesou s\u00a0sebou. \u00a0D\u011bti, kter\u00e9 chodily na ob\u011bdy k\u00a0datu 23.10. jsou p\u0159ihl\u00e1\u0161en\u00e9. V\u00fddej ob\u011bd\u016f prob\u00edh\u00e1 podle stejn\u00e9ho \u010dasov\u00e9ho harmonogramu, jako p\u0159ed pr\u00e1zdninami, pros\u00edme o jeho dodr\u017eov\u00e1n\u00ed. P\u0159ihl\u00e1\u0161ky \u2013 odhl\u00e1\u0161ky na tel. 353 951\u00a0209 Rozpis v\u00fddeje: 11.30 -1. t\u0159\u00eddy 12.00 &#8211; 2.t\u0159\u00eddy<\/p>\n","protected":false},"author":4,"featured_media":0,"comment_status":"closed","ping_status":"closed","sticky":false,"template":"","format":"standard","meta":[],"categories":[1],"tags":[],"jetpack_featured_media_url":"","_links":{"self":[{"href":"https:\/\/www.zsnovarole.cz\/index.php?rest_route=\/wp\/v2\/posts\/4154"}],"collection":[{"href":"https:\/\/www.zsnovarole.cz\/index.php?rest_route=\/wp\/v2\/posts"}],"about":[{"href":"https:\/\/www.zsnovarole.cz\/index.php?rest_route=\/wp\/v2\/types\/post"}],"author":[{"embeddable":true,"href":"https:\/\/www.zsnovarole.cz\/index.php?rest_route=\/wp\/v2\/users\/4"}],"replies":[{"embeddable":true,"href":"https:\/\/www.zsnovarole.cz\/index.php?rest_route=%2Fwp%2Fv2%2Fcomments&post=4154"}],"version-history":[{"count":2,"href":"https:\/\/www.zsnovarole.cz\/index.php?rest_route=\/wp\/v2\/posts\/4154\/revisions"}],"predecessor-version":[{"id":4156,"href":"https:\/\/www.zsnovarole.cz\/index.php?rest_route=\/wp\/v2\/posts\/4154\/revisions\/4156"}],"wp:attachment":[{"href":"https:\/\/www.zsnovarole.cz\/index.php?rest_route=%2Fwp%2Fv2%2Fmedia&parent=4154"}],"wp:term":[{"taxonomy":"category","embeddable":true,"href":"https:\/\/www.zsnovarole.cz\/index.php?rest_route=%2Fwp%2Fv2%2Fcategories&post=4154"},{"taxonomy":"post_tag","embeddable":true,"href":"https:\/\/www.zsnovarole.cz\/index.php?rest_route=%2Fwp%2Fv2%2Ftags&post=4154"}],"curies":[{"name":"wp","href":"https:\/\/api.w.org\/{rel}","templated":true}]}}