{"id":4223,"date":"2020-12-15T17:49:05","date_gmt":"2020-12-15T16:49:05","guid":{"rendered":"https:\/\/www.zsnovarole.cz\/?p=4223"},"modified":"2020-12-15T17:49:05","modified_gmt":"2020-12-15T16:49:05","slug":"vanocni-prazdniny","status":"publish","type":"post","link":"https:\/\/www.zsnovarole.cz\/?p=4223","title":{"rendered":"V\u00e1no\u010dn\u00ed pr\u00e1zdniny"},"content":{"rendered":"<div>V\u00e1\u017een\u00ed rodi\u010de, mil\u00ed \u017e\u00e1ci,<br \/>\nM\u0160MT rozhodlo o prodlou\u017een\u00ed v\u00e1no\u010dn\u00edch pr\u00e1zdnin, kter\u00e9 tedy budou trvat od 21. 12. 2020 do 3. 1. 2021. \u0160koln\u00ed dru\u017eina a \u0161koln\u00ed j\u00eddelna v t\u011bchto dnech nebudou fungovat.<br \/>\nV p\u00e1tek 18. 12. bude kon\u010dit v\u00fduka dle b\u011b\u017en\u00e9ho rozvrhu. Na 21. a 22. 12.\u00a0bude mo\u017en\u00e9 \u010derpat O\u010cR.<br \/>\n4. 1. 2021 p\u0159ijdou do \u0161koly v rota\u010dn\u00edm re\u017eimu \u017e\u00e1ci 6. a 7. t\u0159\u00edd.<\/p>\n<p>P\u0159eji v\u00e1m za cel\u00fd kolektiv pracovn\u00edk\u016f \u0161koly klidn\u00e9 pro\u017eit\u00ed v\u00e1no\u010dn\u00edch sv\u00e1tk\u016f a v\u0161e dobr\u00e9 v nov\u00e9m roce.<\/p>\n<p>Mgr. Ester Nov\u00e1kov\u00e1<\/p><\/div>\n<div>\u0159editelka \u0161koly<\/div>\n","protected":false},"excerpt":{"rendered":"<p>V\u00e1\u017een\u00ed rodi\u010de, mil\u00ed \u017e\u00e1ci, M\u0160MT rozhodlo o prodlou\u017een\u00ed v\u00e1no\u010dn\u00edch pr\u00e1zdnin, kter\u00e9 tedy budou trvat od 21. 12. 2020 do 3. 1. 2021. \u0160koln\u00ed dru\u017eina a \u0161koln\u00ed j\u00eddelna v t\u011bchto dnech nebudou fungovat. V p\u00e1tek 18. 12. bude kon\u010dit v\u00fduka dle b\u011b\u017en\u00e9ho rozvrhu. Na 21. a 22. 12.\u00a0bude mo\u017en\u00e9 \u010derpat O\u010cR. 4. 1. 2021 p\u0159ijdou do \u0161koly v rota\u010dn\u00edm re\u017eimu \u017e\u00e1ci<\/p>\n","protected":false},"author":2,"featured_media":0,"comment_status":"closed","ping_status":"closed","sticky":false,"template":"","format":"standard","meta":[],"categories":[1],"tags":[],"jetpack_featured_media_url":"","_links":{"self":[{"href":"https:\/\/www.zsnovarole.cz\/index.php?rest_route=\/wp\/v2\/posts\/4223"}],"collection":[{"href":"https:\/\/www.zsnovarole.cz\/index.php?rest_route=\/wp\/v2\/posts"}],"about":[{"href":"https:\/\/www.zsnovarole.cz\/index.php?rest_route=\/wp\/v2\/types\/post"}],"author":[{"embeddable":true,"href":"https:\/\/www.zsnovarole.cz\/index.php?rest_route=\/wp\/v2\/users\/2"}],"replies":[{"embeddable":true,"href":"https:\/\/www.zsnovarole.cz\/index.php?rest_route=%2Fwp%2Fv2%2Fcomments&post=4223"}],"version-history":[{"count":1,"href":"https:\/\/www.zsnovarole.cz\/index.php?rest_route=\/wp\/v2\/posts\/4223\/revisions"}],"predecessor-version":[{"id":4224,"href":"https:\/\/www.zsnovarole.cz\/index.php?rest_route=\/wp\/v2\/posts\/4223\/revisions\/4224"}],"wp:attachment":[{"href":"https:\/\/www.zsnovarole.cz\/index.php?rest_route=%2Fwp%2Fv2%2Fmedia&parent=4223"}],"wp:term":[{"taxonomy":"category","embeddable":true,"href":"https:\/\/www.zsnovarole.cz\/index.php?rest_route=%2Fwp%2Fv2%2Fcategories&post=4223"},{"taxonomy":"post_tag","embeddable":true,"href":"https:\/\/www.zsnovarole.cz\/index.php?rest_route=%2Fwp%2Fv2%2Ftags&post=4223"}],"curies":[{"name":"wp","href":"https:\/\/api.w.org\/{rel}","templated":true}]}}