{"id":4476,"date":"2021-08-24T13:30:30","date_gmt":"2021-08-24T11:30:30","guid":{"rendered":"https:\/\/www.zsnovarole.cz\/?p=4476"},"modified":"2021-08-24T22:03:23","modified_gmt":"2021-08-24T20:03:23","slug":"zacatek-skolniho-roku","status":"publish","type":"post","link":"https:\/\/www.zsnovarole.cz\/?p=4476","title":{"rendered":"Za\u010d\u00e1tek \u0161koln\u00edho roku"},"content":{"rendered":"<p>V\u00e1\u017een\u00ed rodi\u010de,<\/p>\n<p>1. z\u00e1\u0159\u00ed za\u010d\u00edn\u00e1 nov\u00fd \u0161koln\u00ed rok, kter\u00fd s\u00a0sebou nese i nad\u00e1le n\u011bkter\u00e1 mimo\u0159\u00e1dn\u00e1 opat\u0159en\u00ed, o kter\u00fdch V\u00e1s spolu s\u00a0organizac\u00ed prvn\u00edch dn\u00ed chceme informovat.<\/p>\n<p>Ka\u017ed\u00e1 osoba je povinna si zakr\u00fdt p\u0159i vstupu do \u0161koly d\u00fdchac\u00ed cesty respir\u00e1torem bez v\u00fddechov\u00e9 ventilu, \u017e\u00e1ci mohou m\u00edt t\u00e9\u017e zdravotnickou rou\u0161ku.<\/p>\n<p>V\u00a0souladu s\u00a0manu\u00e1lem M\u0160MT ze dne 17. 8. 2021 prob\u011bhne ve dnech 1.9., 6. 9. a 9. 9. testov\u00e1n\u00ed antigenn\u00edmi testy st\u011brem z nosu. 1. t\u0159\u00eddy nebudou testov\u00e1ny hned prvn\u00ed den, ale a\u017e 2. 9., jeden rodi\u010d m\u016f\u017ee b\u00fdt u testov\u00e1n\u00ed v\u00a07,50 h ve t\u0159\u00edd\u011b (dal\u0161\u00ed testovac\u00ed dny v\u00a0t\u011blocvi\u010dn\u011b). V\u00a0p\u0159\u00edpad\u011b pozitivn\u00edho testu bude \u017e\u00e1k izolov\u00e1n od spolu\u017e\u00e1k\u016f a bude kontaktov\u00e1n z\u00e1konn\u00fd z\u00e1stupce, aby d\u00edt\u011b ze \u0161koly odvedl a kontaktoval d\u011btsk\u00e9ho o\u0161et\u0159uj\u00edc\u00edho l\u00e9ka\u0159e, kter\u00fd vyd\u00e1 \u017e\u00e1danku na PCR test. Rodi\u010de, kte\u0159\u00ed cht\u011bj\u00ed b\u00fdt u testov\u00e1n\u00ed, mohou p\u0159ij\u00edt na testov\u00e1n\u00ed do t\u011blocvi\u010dny v\u00a07, 40 h, stejn\u011b tak i \u017e\u00e1ci, kte\u0159\u00ed si donesou vlastn\u00ed test, pokud bude na seznamu MZ (pros\u00edme, abyste si vyhledali \u010d\u00edslo testu).<\/p>\n<p>Testov\u00e1ni nebudou \u017e\u00e1ci, kte\u0159\u00ed pln\u011b dokon\u010dili nejm\u00e9n\u011b p\u0159ed 14 dny o\u010dkov\u00e1n\u00ed nebo prod\u011blali onemocn\u011bn\u00ed COVID-19 a neub\u011bhlo do prvn\u00edho pozitivn\u00edho testu v\u00edce ne\u017e 180 dn\u00ed. Spln\u011bn\u00ed t\u011bchto podm\u00ednek dolo\u017e\u00ed \u017e\u00e1ci t\u0159\u00eddn\u00edm u\u010ditel\u016fm. T\u00e9\u017e je mo\u017en\u00e9 dolo\u017eit negativn\u00ed v\u00fdsledek z\u00a0odb\u011brov\u00e9ho m\u00edsta (Ag test ne star\u0161\u00ed 72 hodin, PCR ne star\u0161\u00ed 7 dn\u016f). Pokud \u017e\u00e1k testov\u00e1n\u00ed neabsolvuje, je povinen nosit ochranu d\u00fdchac\u00edch cest ve v\u0161ech prostorech \u0161koly, nesm\u00ed cvi\u010dit ve vnit\u0159n\u00edch prostorech a nesm\u00ed zp\u00edvat.<\/p>\n<p>U testovan\u00fdch \u017e\u00e1k\u016f se vztahuje povinnost no\u0161en\u00ed rou\u0161ky pouze na spole\u010dn\u00e9 prostory \u0161koly a \u0161koln\u00ed j\u00eddelny, ve t\u0159\u00edd\u00e1ch budou bez rou\u0161ek.<\/p>\n<p>\u017d\u00e1ci si budou dezinfikovat ruce p\u0159i vstupu do \u0161koly, t\u011blocvi\u010dny a \u0161koln\u00ed j\u00eddelny. Po p\u0159\u00edchodu do t\u0159\u00eddy si umyj\u00ed ruce.<\/p>\n<p>Pros\u00edme v\u00e1s, abyste sledovali zdravotn\u00ed stav d\u011bt\u00ed a nepos\u00edlali jste je do \u0161koly nemocn\u00e9. V\u00a0p\u0159\u00edpad\u011b chronick\u00fdch respira\u010dn\u00edch pot\u00ed\u017e\u00ed v\u00e1m vystav\u00ed d\u011btsk\u00fd l\u00e9ka\u0159 potvrzen\u00ed o tom, \u017ee d\u00edt\u011b netrp\u00ed infek\u010dn\u00edm onemocn\u011bn\u00edm.<\/p>\n<p>Pros\u00edme v\u00e1s, abyste nevstupovali do \u0161koly a \u010dekali na d\u011bti p\u0159ed \u0161kolou. \u00a0V\u00a0p\u0159\u00edpad\u011b, \u017ee pot\u0159ebujete mluvit s\u00a0pedagogy, domluvte se na sch\u016fzce p\u0159edem. Tak\u00e9 pros\u00edme o pravideln\u00e9 sledov\u00e1n\u00ed Bakal\u00e1\u0159\u016f a potvrzov\u00e1n\u00ed, \u017ee jste zpr\u00e1vy \u010detli \u2013 je to pro n\u00e1s zp\u011btn\u00e1 vazba.<\/p>\n<p>Ve \u0161koln\u00ed j\u00eddeln\u011b za\u010dneme od z\u00e1\u0159\u00ed pou\u017e\u00edvat \u010dipy pro na\u010dten\u00ed ob\u011bd\u016f a m\u016f\u017eete si t\u00e9\u017e online objedn\u00e1vat \u010di odhla\u0161ovat ob\u011bdy. Bli\u017e\u0161\u00ed informace jsou na str\u00e1nk\u00e1ch \u0161koly od pan\u00ed vedouc\u00ed \u0160J.<\/p>\n<p>Prvn\u00ed \u0161koln\u00ed den budou m\u00edt v\u0161ichni \u017e\u00e1ci pouze jednu vyu\u010dovac\u00ed hodinu. Z\u00a0d\u016fvodu zv\u00fd\u0161en\u00fdch hygienick\u00fdch po\u017eadavk\u016f pros\u00edme, aby se slavnostn\u00edho zah\u00e1jen\u00ed \u0161koln\u00ed doch\u00e1zky prv\u0148\u00e1\u010dk\u016f z\u00fa\u010dastnili jen z\u00e1konn\u00ed z\u00e1stupci \u2013 d\u011bkujeme za pochopen\u00ed.<\/p>\n<p>\u0160koln\u00ed dru\u017eina bude v\u00a0provozu pro p\u0159ihl\u00e1\u0161en\u00e9 \u017e\u00e1ky ji\u017e od 1. z\u00e1\u0159\u00ed.<\/p>\n<p>2. z\u00e1\u0159\u00ed prob\u011bhne ve t\u0159\u00edd\u011b testov\u00e1n\u00ed 1. t\u0159\u00edd, kter\u00e9 budou m\u00edt 2 vyu\u010dovac\u00ed hodiny. 1. stupe\u0148 bude kon\u010dit v\u00a011. 40 h, 2. stupe\u0148 ve 12,35.<\/p>\n<p>V\u00a0p\u00e1tek 3. z\u00e1\u0159\u00ed kon\u010d\u00ed 1. t\u0159\u00eddy po 3. vyu\u010dovac\u00ed hodin\u011b, \u00a01. stupe\u0148 v\u00a011. 40 h, 2. stupe\u0148 ve 12,35.<\/p>\n<p>Od pond\u011bl\u00ed 6. z\u00e1\u0159\u00ed prob\u00edh\u00e1 v\u00fduka dle rozvrhu.<\/p>\n<p>10. 9. bude z organiza\u010dn\u00edch d\u016fvod\u016f \u0159editelsk\u00e9 volno &#8211; prob\u011bhne \u0161kolen\u00ed pedagog\u016f v r\u00e1mci realizovan\u00fdch \u0161ablon, kter\u00e9 bylo z d\u016fvodu covidu a nemoci lektora n\u011bkolikr\u00e1t p\u0159elo\u017een\u00e9. \u0160koln\u00ed dru\u017eina bude fungovat.<\/p>\n<p>Plaveckou v\u00fduku za\u010dnou \u017e\u00e1ci 4. t\u0159\u00edd 8. a 9. 9., \u017e\u00e1ci 3. t\u0159\u00edd 15. a 16. 9. V\u00a0dal\u0161\u00edch t\u00fddnech bude v\u00fduka prob\u00edhat pro ka\u017ed\u00fd ro\u010dn\u00edk jednou t\u00fddn\u011b.<\/p>\n<p>P\u0159eji V\u00e1m i Va\u0161im d\u011btem \u0161koln\u00ed rok pro\u017eit\u00fd ve zdrav\u00ed.<\/p>\n<p>Mgr. Ester Nov\u00e1kov\u00e1<\/p>\n","protected":false},"excerpt":{"rendered":"<p>V\u00e1\u017een\u00ed rodi\u010de, 1. z\u00e1\u0159\u00ed za\u010d\u00edn\u00e1 nov\u00fd \u0161koln\u00ed rok, kter\u00fd s\u00a0sebou nese i nad\u00e1le n\u011bkter\u00e1 mimo\u0159\u00e1dn\u00e1 opat\u0159en\u00ed, o kter\u00fdch V\u00e1s spolu s\u00a0organizac\u00ed prvn\u00edch dn\u00ed chceme informovat. Ka\u017ed\u00e1 osoba je povinna si zakr\u00fdt p\u0159i vstupu do \u0161koly d\u00fdchac\u00ed cesty respir\u00e1torem bez v\u00fddechov\u00e9 ventilu, \u017e\u00e1ci mohou m\u00edt t\u00e9\u017e zdravotnickou rou\u0161ku. V\u00a0souladu s\u00a0manu\u00e1lem M\u0160MT ze dne 17. 8. 2021 prob\u011bhne ve dnech 1.9., 6.<\/p>\n","protected":false},"author":7,"featured_media":0,"comment_status":"closed","ping_status":"closed","sticky":false,"template":"","format":"standard","meta":[],"categories":[1],"tags":[],"jetpack_featured_media_url":"","_links":{"self":[{"href":"https:\/\/www.zsnovarole.cz\/index.php?rest_route=\/wp\/v2\/posts\/4476"}],"collection":[{"href":"https:\/\/www.zsnovarole.cz\/index.php?rest_route=\/wp\/v2\/posts"}],"about":[{"href":"https:\/\/www.zsnovarole.cz\/index.php?rest_route=\/wp\/v2\/types\/post"}],"author":[{"embeddable":true,"href":"https:\/\/www.zsnovarole.cz\/index.php?rest_route=\/wp\/v2\/users\/7"}],"replies":[{"embeddable":true,"href":"https:\/\/www.zsnovarole.cz\/index.php?rest_route=%2Fwp%2Fv2%2Fcomments&post=4476"}],"version-history":[{"count":3,"href":"https:\/\/www.zsnovarole.cz\/index.php?rest_route=\/wp\/v2\/posts\/4476\/revisions"}],"predecessor-version":[{"id":4483,"href":"https:\/\/www.zsnovarole.cz\/index.php?rest_route=\/wp\/v2\/posts\/4476\/revisions\/4483"}],"wp:attachment":[{"href":"https:\/\/www.zsnovarole.cz\/index.php?rest_route=%2Fwp%2Fv2%2Fmedia&parent=4476"}],"wp:term":[{"taxonomy":"category","embeddable":true,"href":"https:\/\/www.zsnovarole.cz\/index.php?rest_route=%2Fwp%2Fv2%2Fcategories&post=4476"},{"taxonomy":"post_tag","embeddable":true,"href":"https:\/\/www.zsnovarole.cz\/index.php?rest_route=%2Fwp%2Fv2%2Ftags&post=4476"}],"curies":[{"name":"wp","href":"https:\/\/api.w.org\/{rel}","templated":true}]}}