{"id":4515,"date":"2021-09-13T14:12:38","date_gmt":"2021-09-13T12:12:38","guid":{"rendered":"https:\/\/www.zsnovarole.cz\/?p=4515"},"modified":"2021-10-12T18:26:14","modified_gmt":"2021-10-12T16:26:14","slug":"exkurze-do-cernosina","status":"publish","type":"post","link":"https:\/\/www.zsnovarole.cz\/?p=4515","title":{"rendered":"Exkurze do \u010cerno\u0161\u00edna"},"content":{"rendered":"<p>Na za\u010d\u00e1tku \u0161koln\u00edho roku se \u017e\u00e1ci t\u0159\u00eddy 6.B a 7.A\u00a0 z\u00fa\u010dastnili exkurze v\u00a0t\u0159\u00edd\u00edrn\u011b odpadu v\u00a0\u010cerno\u0161\u00edn\u011b. Vzhledem k\u00a0tomu, \u017ee se jedn\u00e1 o aktu\u00e1ln\u00ed a velmi prob\u00edran\u00e9 t\u00e9ma, byli jsme velmi zv\u011bdav\u00ed, co se o t\u0159\u00edd\u011bn\u00ed, zpracov\u00e1n\u00ed a n\u00e1sledn\u00e9 recyklaci odpad\u016f dozv\u00edme. Jako prvn\u00ed n\u00e1s \u010dekala p\u0159edn\u00e1\u0161ka, kde jsme se sezn\u00e1mili s\u00a0problematikou t\u0159\u00edd\u011bn\u00ed odpad\u016f. P\u0159edn\u00e1\u0161ej\u00edc\u00ed byl na velmi vysok\u00e9 odborn\u00e9 \u00farovni a p\u0159edn\u00e1\u0161enou problematiku dok\u00e1zal d\u011btem p\u0159edn\u00e9st tak, \u017ee i d\u011bti byli aktivn\u011b zapojeni do diskuze. Dozv\u011bd\u011bli jsme se mnoho informac\u00ed o recyklaci a n\u00e1sledn\u00e9m navr\u00e1cen\u00ed t\u011bchto v\u00fdrobk\u016f do ob\u011bhu. \u017d\u00e1ci byli p\u0159ekvapeni, \u017ee se z\u00a0recyklovan\u00fdch surovin daj\u00ed vyrobit nap\u0159\u00edklad: mikiny, spac\u00ed pytle, nebo bezpe\u010dnostn\u00ed pokryvy na d\u011btsk\u00e1 h\u0159i\u0161t\u011b. \u017d\u00e1ci si tyto v\u00fdrobky m\u011bli mo\u017enost i osahat. Spole\u010dn\u011b s\u00a0lektorem si \u017e\u00e1ci ujasnili, co do kter\u00e9ho kontejneru v\u016fbec pat\u0159\u00ed. Po teoretick\u00e9 \u010d\u00e1sti exkurze jsme m\u011bli mo\u017enost pod\u00edvat se p\u0159\u00edmo do t\u0159\u00edd\u00edc\u00ed haly a prohl\u00e9dnout si okol\u00ed skl\u00e1dky. M\u011bli jsme mo\u017enost vid\u011bt vrstven\u00ed skl\u00e1dky, kter\u00e9 je technologicky a finan\u010dn\u011b velmi n\u00e1ro\u010dn\u00e9. V\u00a0t\u00e9to \u010d\u00e1sti jsme si uv\u011bdomili, jak d\u016fle\u017eit\u00e9 je spr\u00e1vn\u011b t\u0159\u00eddit odpad. Velk\u00e9 pod\u011bkov\u00e1n\u00ed pat\u0159\u00ed p\u0159edn\u00e1\u0161ej\u00edc\u00edmu panu Pacolovi za informace, kter\u00e9 \u017e\u00e1k\u016fm p\u0159edal, \u010d\u00edm\u017e doufejme zv\u00fd\u0161il motivaci k\u00a0je\u0161t\u011b v\u011bt\u0161\u00edmu t\u0159\u00edd\u011bn\u00ed odpad\u016f.<\/p>\n<p><a href=\"https:\/\/www.zsnovarole.cz\/?attachment_id=4516\"><img decoding=\"async\" loading=\"lazy\" class=\"alignnone wp-image-4516 size-thumbnail\" src=\"https:\/\/www.zsnovarole.cz\/wp-content\/uploads\/2021\/09\/IMG-6188-150x150.jpg\" alt=\"\" width=\"150\" height=\"150\" srcset=\"https:\/\/www.zsnovarole.cz\/wp-content\/uploads\/2021\/09\/IMG-6188-150x150.jpg 150w, https:\/\/www.zsnovarole.cz\/wp-content\/uploads\/2021\/09\/IMG-6188-90x90.jpg 90w, https:\/\/www.zsnovarole.cz\/wp-content\/uploads\/2021\/09\/IMG-6188-75x75.jpg 75w\" sizes=\"(max-width: 150px) 100vw, 150px\" \/><\/a> <a href=\"https:\/\/www.zsnovarole.cz\/?attachment_id=4517\"><img decoding=\"async\" loading=\"lazy\" class=\"alignnone wp-image-4517 size-thumbnail\" src=\"https:\/\/www.zsnovarole.cz\/wp-content\/uploads\/2021\/09\/IMG-6171-150x150.jpg\" alt=\"\" width=\"150\" height=\"150\" srcset=\"https:\/\/www.zsnovarole.cz\/wp-content\/uploads\/2021\/09\/IMG-6171-150x150.jpg 150w, https:\/\/www.zsnovarole.cz\/wp-content\/uploads\/2021\/09\/IMG-6171-90x90.jpg 90w, https:\/\/www.zsnovarole.cz\/wp-content\/uploads\/2021\/09\/IMG-6171-75x75.jpg 75w\" sizes=\"(max-width: 150px) 100vw, 150px\" \/><\/a><\/p>\n","protected":false},"excerpt":{"rendered":"<p>Na za\u010d\u00e1tku \u0161koln\u00edho roku se \u017e\u00e1ci t\u0159\u00eddy 6.B a 7.A\u00a0 z\u00fa\u010dastnili exkurze v\u00a0t\u0159\u00edd\u00edrn\u011b odpadu v\u00a0\u010cerno\u0161\u00edn\u011b. Vzhledem k\u00a0tomu, \u017ee se jedn\u00e1 o aktu\u00e1ln\u00ed a velmi prob\u00edran\u00e9 t\u00e9ma, byli jsme velmi zv\u011bdav\u00ed, co se o t\u0159\u00edd\u011bn\u00ed, zpracov\u00e1n\u00ed a n\u00e1sledn\u00e9 recyklaci odpad\u016f dozv\u00edme. Jako prvn\u00ed n\u00e1s \u010dekala p\u0159edn\u00e1\u0161ka, kde jsme se sezn\u00e1mili s\u00a0problematikou t\u0159\u00edd\u011bn\u00ed odpad\u016f. P\u0159edn\u00e1\u0161ej\u00edc\u00ed byl na velmi vysok\u00e9 odborn\u00e9 \u00farovni a<\/p>\n","protected":false},"author":2,"featured_media":0,"comment_status":"closed","ping_status":"closed","sticky":false,"template":"","format":"standard","meta":[],"categories":[1],"tags":[],"jetpack_featured_media_url":"","_links":{"self":[{"href":"https:\/\/www.zsnovarole.cz\/index.php?rest_route=\/wp\/v2\/posts\/4515"}],"collection":[{"href":"https:\/\/www.zsnovarole.cz\/index.php?rest_route=\/wp\/v2\/posts"}],"about":[{"href":"https:\/\/www.zsnovarole.cz\/index.php?rest_route=\/wp\/v2\/types\/post"}],"author":[{"embeddable":true,"href":"https:\/\/www.zsnovarole.cz\/index.php?rest_route=\/wp\/v2\/users\/2"}],"replies":[{"embeddable":true,"href":"https:\/\/www.zsnovarole.cz\/index.php?rest_route=%2Fwp%2Fv2%2Fcomments&post=4515"}],"version-history":[{"count":2,"href":"https:\/\/www.zsnovarole.cz\/index.php?rest_route=\/wp\/v2\/posts\/4515\/revisions"}],"predecessor-version":[{"id":4664,"href":"https:\/\/www.zsnovarole.cz\/index.php?rest_route=\/wp\/v2\/posts\/4515\/revisions\/4664"}],"wp:attachment":[{"href":"https:\/\/www.zsnovarole.cz\/index.php?rest_route=%2Fwp%2Fv2%2Fmedia&parent=4515"}],"wp:term":[{"taxonomy":"category","embeddable":true,"href":"https:\/\/www.zsnovarole.cz\/index.php?rest_route=%2Fwp%2Fv2%2Fcategories&post=4515"},{"taxonomy":"post_tag","embeddable":true,"href":"https:\/\/www.zsnovarole.cz\/index.php?rest_route=%2Fwp%2Fv2%2Ftags&post=4515"}],"curies":[{"name":"wp","href":"https:\/\/api.w.org\/{rel}","templated":true}]}}