{"id":4519,"date":"2021-09-14T14:43:18","date_gmt":"2021-09-14T12:43:18","guid":{"rendered":"https:\/\/www.zsnovarole.cz\/?p=4519"},"modified":"2021-10-12T18:27:27","modified_gmt":"2021-10-12T16:27:27","slug":"osme-tridy-v-podkrusnohori","status":"publish","type":"post","link":"https:\/\/www.zsnovarole.cz\/?p=4519","title":{"rendered":"Osm\u00e9 t\u0159\u00eddy v Podkru\u0161noho\u0159\u00ed"},"content":{"rendered":"<p>\u017d\u00e1ci osm\u00fdch ro\u010dn\u00edk\u016f vyu\u017eili hezk\u00e9ho po\u010das\u00ed na za\u010d\u00e1tku \u0161koln\u00edho roku a vydali se na p\u011b\u0161\u00ed v\u00fdlet do Kru\u0161noho\u0159\u00ed. Trasu z Perninku do Nov\u00fdch Hamr\u016f zvl\u00e1dli uj\u00edt pom\u011brn\u011b rychle, tak\u017ee zbyl \u010das i na skupinovou pr\u00e1ci a zaslou\u017een\u00fd odpo\u010dinek v tr\u00e1v\u011b u hamersk\u00e9ho kostela. P\u0159i p\u0159\u00edzniv\u00e9m po\u010das\u00ed si p\u011b\u0161\u00ed t\u00faru do hor ur\u010dit\u011b r\u00e1di zopakuj\u00ed.<\/p>\n<p><a href=\"https:\/\/www.zsnovarole.cz\/?attachment_id=4520\"><img decoding=\"async\" loading=\"lazy\" class=\"alignnone wp-image-4520 size-thumbnail\" src=\"https:\/\/www.zsnovarole.cz\/wp-content\/uploads\/2021\/09\/241780362_988493195041497_5267539843769852875_n-150x150.jpg\" alt=\"\" width=\"150\" height=\"150\" srcset=\"https:\/\/www.zsnovarole.cz\/wp-content\/uploads\/2021\/09\/241780362_988493195041497_5267539843769852875_n-150x150.jpg 150w, https:\/\/www.zsnovarole.cz\/wp-content\/uploads\/2021\/09\/241780362_988493195041497_5267539843769852875_n-90x90.jpg 90w, https:\/\/www.zsnovarole.cz\/wp-content\/uploads\/2021\/09\/241780362_988493195041497_5267539843769852875_n-75x75.jpg 75w\" sizes=\"(max-width: 150px) 100vw, 150px\" \/><\/a><\/p>\n<p>&nbsp;<\/p>\n","protected":false},"excerpt":{"rendered":"<p>\u017d\u00e1ci osm\u00fdch ro\u010dn\u00edk\u016f vyu\u017eili hezk\u00e9ho po\u010das\u00ed na za\u010d\u00e1tku \u0161koln\u00edho roku a vydali se na p\u011b\u0161\u00ed v\u00fdlet do Kru\u0161noho\u0159\u00ed. Trasu z Perninku do Nov\u00fdch Hamr\u016f zvl\u00e1dli uj\u00edt pom\u011brn\u011b rychle, tak\u017ee zbyl \u010das i na skupinovou pr\u00e1ci a zaslou\u017een\u00fd odpo\u010dinek v tr\u00e1v\u011b u hamersk\u00e9ho kostela. P\u0159i p\u0159\u00edzniv\u00e9m po\u010das\u00ed si p\u011b\u0161\u00ed t\u00faru do hor ur\u010dit\u011b r\u00e1di zopakuj\u00ed. &nbsp;<\/p>\n","protected":false},"author":2,"featured_media":0,"comment_status":"closed","ping_status":"closed","sticky":false,"template":"","format":"standard","meta":[],"categories":[1],"tags":[],"jetpack_featured_media_url":"","_links":{"self":[{"href":"https:\/\/www.zsnovarole.cz\/index.php?rest_route=\/wp\/v2\/posts\/4519"}],"collection":[{"href":"https:\/\/www.zsnovarole.cz\/index.php?rest_route=\/wp\/v2\/posts"}],"about":[{"href":"https:\/\/www.zsnovarole.cz\/index.php?rest_route=\/wp\/v2\/types\/post"}],"author":[{"embeddable":true,"href":"https:\/\/www.zsnovarole.cz\/index.php?rest_route=\/wp\/v2\/users\/2"}],"replies":[{"embeddable":true,"href":"https:\/\/www.zsnovarole.cz\/index.php?rest_route=%2Fwp%2Fv2%2Fcomments&post=4519"}],"version-history":[{"count":2,"href":"https:\/\/www.zsnovarole.cz\/index.php?rest_route=\/wp\/v2\/posts\/4519\/revisions"}],"predecessor-version":[{"id":4665,"href":"https:\/\/www.zsnovarole.cz\/index.php?rest_route=\/wp\/v2\/posts\/4519\/revisions\/4665"}],"wp:attachment":[{"href":"https:\/\/www.zsnovarole.cz\/index.php?rest_route=%2Fwp%2Fv2%2Fmedia&parent=4519"}],"wp:term":[{"taxonomy":"category","embeddable":true,"href":"https:\/\/www.zsnovarole.cz\/index.php?rest_route=%2Fwp%2Fv2%2Fcategories&post=4519"},{"taxonomy":"post_tag","embeddable":true,"href":"https:\/\/www.zsnovarole.cz\/index.php?rest_route=%2Fwp%2Fv2%2Ftags&post=4519"}],"curies":[{"name":"wp","href":"https:\/\/api.w.org\/{rel}","templated":true}]}}