{"id":4522,"date":"2021-09-14T15:03:32","date_gmt":"2021-09-14T13:03:32","guid":{"rendered":"https:\/\/www.zsnovarole.cz\/?p=4522"},"modified":"2021-10-12T18:23:39","modified_gmt":"2021-10-12T16:23:39","slug":"zarijovy-skolni-vylet-3-a","status":"publish","type":"post","link":"https:\/\/www.zsnovarole.cz\/?p=4522","title":{"rendered":"Z\u00e1\u0159ijov\u00fd \u0161koln\u00ed v\u00fdlet 3.A"},"content":{"rendered":"<p>Ji\u017e druh\u00fdm rokem se v\u017edy po pr\u00e1zdnin\u00e1ch s d\u011btmi t\u011b\u0161\u00edme na spole\u010dn\u00fd v\u00fdlet. C\u00edlem je sd\u011blit si v\u0161echno, co \u010dlov\u011bk b\u011bhem dlouh\u00fdch letn\u00edch pr\u00e1zdnin d\u011blal a nav\u00e1zat na star\u00e1 nebo vytvo\u0159it nov\u00e1 t\u0159\u00eddn\u00ed p\u0159\u00e1telstv\u00ed. Letos jsme jeli v term\u00ednu od 8. do 10. z\u00e1\u0159\u00ed do Perninku.<\/p>\n<p>Ve st\u0159edu r\u00e1no jsme nasedli na vlak sm\u011br Pernink, ale vystoupili jsme ji\u017e v Nov\u00fdch Hamrech. D\u016fvodem byla siln\u00e1 touha pan\u00ed u\u010ditelky po kr\u00e1s\u00e1ch turistick\u00fdch cest. Cesta vedla nahoru, dol\u016f, lesem, loukou, kolem potok\u016f, chat\u2026 a\u017e jsme dorazili na m\u00edsto s n\u00e1zvem Chata Javorka. Tam na n\u00e1s \u010dekala Iveta Maxov\u00e1 s v\u00fd\u00fd\u00fd\u00fd\u00fdbornou ku\u0159ec\u00ed pol\u00e9vkou. \u00a0Ubytovali jsme se a \u0161li nakoupit potraviny. Ka\u017ed\u00e9 z d\u011bt\u00ed m\u011bl sbalenou n\u00e1kupn\u00ed ta\u0161ku, ze \u0161koly jsme m\u011bli seznam a tak jsme si nakoupili j\u00eddlo na sva\u010diny, sn\u00eddan\u011b a mal\u00fd ob\u011bd. Po p\u0159\u00edchodu a \u00faklidu n\u00e1kupu nastal \u201evoln\u00fd \u010das\u201c, kter\u00fd d\u011bti vyu\u017eily k hran\u00ed fotbalu, houp\u00e1n\u00ed se, pov\u00edd\u00e1n\u00ed, hon\u011bn\u00ed, l\u00edt\u00e1n\u00ed a hlavn\u011b k\u0159i\u010den\u00ed.<\/p>\n<p>Kdy\u017e u\u017e toho bylo dost, \u0161li jsme na prohl\u00eddku okol\u00ed a rovnou na teplou ve\u010de\u0159i do restaurace. M\u011bli jsme ku\u0159ec\u00ed pl\u00e1tek s\u00a0bramborovou ka\u0161\u00ed. A moc toho na tal\u00ed\u0159\u00edch nezbylo.<\/p>\n<p>\u010cas plynul tak rychle, \u017ee po ve\u010dern\u00ed vych\u00e1zce byla u\u017e jen spole\u010dn\u00e1 poh\u00e1dka (mal\u00e9 kino) p\u0159i prask\u00e1n\u00ed v\u00a0krbov\u00fdch kamnech a z\u00e1v\u011bre\u010dn\u00e1 hygiena. Chv\u00edli se je\u0161t\u011b z\u00a0pokoj\u016f oz\u00fdvaly hlasy a sm\u00edch, ale za okam\u017eik ji\u017e v\u011bt\u0161ina spala.<\/p>\n<p>Ve \u010dtvrtek po spole\u010dn\u00e9 sn\u00eddani jsme nasedli na autobus do Abertam. Turistickou cestou zp\u011bt jsme si sn\u011bdli sva\u010diny a pov\u00eddali a pov\u00eddali. K ob\u011bdu jsme si uva\u0159ili \u0161pagety se s\u00fdrem. Odpoledn\u00ed proch\u00e1zka sm\u011b\u0159ovala na Perninsk\u00e9 ra\u0161elini\u0161t\u011b, kde jsme uvid\u011bli \u00fapln\u011b jinou krajinu\u00a0 ne\u017e na jakou\u00a0 jsme zvykl\u00ed.\u00a0 Po cest\u011b zp\u011bt rovnou na ve\u010de\u0159i \u2013 hur\u00e1 Rajsk\u00e1 \u2013\u00a0 a\u00a0 honem na louku v\u00e1let sudy. A pak u\u017e zase poh\u00e1dka, krb, hygiena. \u00a0A span\u00ed? Je to zvl\u00e1\u0161tn\u00ed, ale ticho bylo skoro hned.<\/p>\n<p>V\u0161em d\u011btem chci pod\u011bkovat za p\u0159\u00edjemn\u00fd pobyt. Panu Klep\u00e1\u010dkovi a Pastorovi za odvoz zavazadel, rodi\u010d\u016fm za skv\u011bl\u00e9 d\u011bti a Ivetce Maxov\u00e9 za to, \u017ee do toho se mnou zase \u0161la.<\/p>\n<p>T\u0159\u00eddn\u00ed u\u010ditelka Michaela Smyslov\u00e1<\/p>\n<p><a href=\"https:\/\/www.zsnovarole.cz\/?attachment_id=4523\"><img decoding=\"async\" loading=\"lazy\" class=\"alignnone wp-image-4523 size-thumbnail\" src=\"https:\/\/www.zsnovarole.cz\/wp-content\/uploads\/2021\/09\/20210909_120308-150x150.jpg\" alt=\"\" width=\"150\" height=\"150\" srcset=\"https:\/\/www.zsnovarole.cz\/wp-content\/uploads\/2021\/09\/20210909_120308-150x150.jpg 150w, https:\/\/www.zsnovarole.cz\/wp-content\/uploads\/2021\/09\/20210909_120308-90x90.jpg 90w, https:\/\/www.zsnovarole.cz\/wp-content\/uploads\/2021\/09\/20210909_120308-75x75.jpg 75w\" sizes=\"(max-width: 150px) 100vw, 150px\" \/><\/a> <a href=\"https:\/\/www.zsnovarole.cz\/?attachment_id=4524\"><img decoding=\"async\" loading=\"lazy\" class=\"alignnone wp-image-4524 size-thumbnail\" src=\"https:\/\/www.zsnovarole.cz\/wp-content\/uploads\/2021\/09\/20210909_100150-150x150.jpg\" alt=\"\" width=\"150\" height=\"150\" srcset=\"https:\/\/www.zsnovarole.cz\/wp-content\/uploads\/2021\/09\/20210909_100150-150x150.jpg 150w, https:\/\/www.zsnovarole.cz\/wp-content\/uploads\/2021\/09\/20210909_100150-90x90.jpg 90w, https:\/\/www.zsnovarole.cz\/wp-content\/uploads\/2021\/09\/20210909_100150-75x75.jpg 75w\" sizes=\"(max-width: 150px) 100vw, 150px\" \/><\/a> <a href=\"https:\/\/www.zsnovarole.cz\/?attachment_id=4525\"><img decoding=\"async\" loading=\"lazy\" class=\"alignnone wp-image-4525 size-thumbnail\" src=\"https:\/\/www.zsnovarole.cz\/wp-content\/uploads\/2021\/09\/20210908_093355-150x150.jpg\" alt=\"\" width=\"150\" height=\"150\" srcset=\"https:\/\/www.zsnovarole.cz\/wp-content\/uploads\/2021\/09\/20210908_093355-150x150.jpg 150w, https:\/\/www.zsnovarole.cz\/wp-content\/uploads\/2021\/09\/20210908_093355-90x90.jpg 90w, https:\/\/www.zsnovarole.cz\/wp-content\/uploads\/2021\/09\/20210908_093355-75x75.jpg 75w\" sizes=\"(max-width: 150px) 100vw, 150px\" \/><\/a> <a href=\"https:\/\/www.zsnovarole.cz\/?attachment_id=4526\"><img decoding=\"async\" loading=\"lazy\" class=\"alignnone wp-image-4526 size-thumbnail\" src=\"https:\/\/www.zsnovarole.cz\/wp-content\/uploads\/2021\/09\/20210909_132521-150x150.jpg\" alt=\"\" width=\"150\" height=\"150\" srcset=\"https:\/\/www.zsnovarole.cz\/wp-content\/uploads\/2021\/09\/20210909_132521-150x150.jpg 150w, https:\/\/www.zsnovarole.cz\/wp-content\/uploads\/2021\/09\/20210909_132521-90x90.jpg 90w, https:\/\/www.zsnovarole.cz\/wp-content\/uploads\/2021\/09\/20210909_132521-75x75.jpg 75w\" sizes=\"(max-width: 150px) 100vw, 150px\" \/><\/a><\/p>\n","protected":false},"excerpt":{"rendered":"<p>Ji\u017e druh\u00fdm rokem se v\u017edy po pr\u00e1zdnin\u00e1ch s d\u011btmi t\u011b\u0161\u00edme na spole\u010dn\u00fd v\u00fdlet. C\u00edlem je sd\u011blit si v\u0161echno, co \u010dlov\u011bk b\u011bhem dlouh\u00fdch letn\u00edch pr\u00e1zdnin d\u011blal a nav\u00e1zat na star\u00e1 nebo vytvo\u0159it nov\u00e1 t\u0159\u00eddn\u00ed p\u0159\u00e1telstv\u00ed. Letos jsme jeli v term\u00ednu od 8. do 10. z\u00e1\u0159\u00ed do Perninku. Ve st\u0159edu r\u00e1no jsme nasedli na vlak sm\u011br Pernink, ale vystoupili jsme ji\u017e v<\/p>\n","protected":false},"author":2,"featured_media":0,"comment_status":"closed","ping_status":"closed","sticky":false,"template":"","format":"standard","meta":[],"categories":[1],"tags":[],"jetpack_featured_media_url":"","_links":{"self":[{"href":"https:\/\/www.zsnovarole.cz\/index.php?rest_route=\/wp\/v2\/posts\/4522"}],"collection":[{"href":"https:\/\/www.zsnovarole.cz\/index.php?rest_route=\/wp\/v2\/posts"}],"about":[{"href":"https:\/\/www.zsnovarole.cz\/index.php?rest_route=\/wp\/v2\/types\/post"}],"author":[{"embeddable":true,"href":"https:\/\/www.zsnovarole.cz\/index.php?rest_route=\/wp\/v2\/users\/2"}],"replies":[{"embeddable":true,"href":"https:\/\/www.zsnovarole.cz\/index.php?rest_route=%2Fwp%2Fv2%2Fcomments&post=4522"}],"version-history":[{"count":3,"href":"https:\/\/www.zsnovarole.cz\/index.php?rest_route=\/wp\/v2\/posts\/4522\/revisions"}],"predecessor-version":[{"id":4662,"href":"https:\/\/www.zsnovarole.cz\/index.php?rest_route=\/wp\/v2\/posts\/4522\/revisions\/4662"}],"wp:attachment":[{"href":"https:\/\/www.zsnovarole.cz\/index.php?rest_route=%2Fwp%2Fv2%2Fmedia&parent=4522"}],"wp:term":[{"taxonomy":"category","embeddable":true,"href":"https:\/\/www.zsnovarole.cz\/index.php?rest_route=%2Fwp%2Fv2%2Fcategories&post=4522"},{"taxonomy":"post_tag","embeddable":true,"href":"https:\/\/www.zsnovarole.cz\/index.php?rest_route=%2Fwp%2Fv2%2Ftags&post=4522"}],"curies":[{"name":"wp","href":"https:\/\/api.w.org\/{rel}","templated":true}]}}