{"id":4537,"date":"2021-09-15T09:58:57","date_gmt":"2021-09-15T07:58:57","guid":{"rendered":"https:\/\/www.zsnovarole.cz\/?p=4537"},"modified":"2021-10-12T18:22:25","modified_gmt":"2021-10-12T16:22:25","slug":"adaptacni-dny-zaku-6-a-a-6-b","status":"publish","type":"post","link":"https:\/\/www.zsnovarole.cz\/?p=4537","title":{"rendered":"Adapta\u010dn\u00ed dny \u017e\u00e1k\u016f 6.A a 6.B"},"content":{"rendered":"<p>St\u0159eda 8.9. a \u010dtvrtek 9.9. prob\u011bhly jako adapta\u010dn\u00ed dny \u017e\u00e1k\u016f 6.A a 6.B pod veden\u00edm jejich t\u0159\u00eddn\u00edch u\u010ditel\u016f. Byly napl\u00e1novan\u00e9 aktivity na pozn\u00e1n\u00ed se se sv\u00fdmi u\u010diteli a nov\u00fdmi \u017e\u00e1ky, na vz\u00e1jemn\u00e9 upevn\u011bn\u00ed vztah\u016f mezi spolu\u017e\u00e1ky, stmelen\u00ed kolektivu a p\u0159\u00edjemn\u011bj\u0161\u00ed p\u0159echod \u017e\u00e1k\u016f z I. stupn\u011b na II. stupe\u0148 na\u0161\u00ed Z\u0160.<\/p>\n<p>Ve st\u0159edu jsme dopoledne op\u00e9kali bu\u0159t\u00edky, v pr\u016fb\u011bhu dne a\u017e dlouho do ve\u010dera se hr\u00e1ly r\u016fzn\u00e9 hry, p\u0159i kter\u00fdch se \u017e\u00e1ci velmi dob\u0159e bavili, navz\u00e1jem si fandili a spolupracovali. Po v\u00fdborn\u00e9 ve\u010de\u0159i a setm\u011bn\u00ed nesm\u011bl samoz\u0159ejm\u011b chyb\u011bt \u201eBob\u0159\u00edk odvahy\u201c zakon\u010den\u00fd vlastnoru\u010dn\u00edm podpisem v temn\u00e9m zahradn\u00edm alt\u00e1nu. \u017d\u00e1ci nocovali ve sv\u00fdch t\u0159\u00edd\u00e1ch. Na\u0161li si i spoustu chvilek jen pro sebe, kdy si pov\u00eddali. Druh\u00fd den po sn\u00eddani se rozjely jednotliv\u00e9 t\u0159\u00eddy na napl\u00e1novan\u00e9 v\u00fdlety. 6.A si pro\u0161la l\u00e1ze\u0148sk\u00e9 kolon\u00e1dy a l\u00e9\u010debn\u00e9 prameny v Karlov\u00fdch Varech s objednanou exkurz\u00ed \u201eV\u0159\u00eddeln\u00ed kolon\u00e1da a jej\u00ed podzem\u00ed\u201c. 6.B vyjela objednan\u00fdm autobusem do \u010cerno\u0161\u00edna na exkurzi o t\u0159\u00edd\u011bn\u00ed odpadu a jeho n\u00e1sledn\u00e9m zpracov\u00e1n\u00ed a dal\u0161\u00edm vyu\u017eit\u00ed.<\/p>\n<p>Na tyto dny pln\u00e9 z\u00e1\u017eitk\u016f budou \u017e\u00e1ci jist\u011b je\u0161t\u011b hodn\u011b dlouho p\u0159\u00edjemn\u011b vzpom\u00ednat.<\/p>\n<p><a href=\"https:\/\/www.zsnovarole.cz\/?attachment_id=4578\"><img decoding=\"async\" loading=\"lazy\" class=\"alignnone wp-image-4578 size-thumbnail\" src=\"https:\/\/www.zsnovarole.cz\/wp-content\/uploads\/2021\/09\/IMG-7519-150x150.jpg\" alt=\"\" width=\"150\" height=\"150\" srcset=\"https:\/\/www.zsnovarole.cz\/wp-content\/uploads\/2021\/09\/IMG-7519-150x150.jpg 150w, https:\/\/www.zsnovarole.cz\/wp-content\/uploads\/2021\/09\/IMG-7519-90x90.jpg 90w, https:\/\/www.zsnovarole.cz\/wp-content\/uploads\/2021\/09\/IMG-7519-75x75.jpg 75w\" sizes=\"(max-width: 150px) 100vw, 150px\" \/><\/a> <a href=\"https:\/\/www.zsnovarole.cz\/?attachment_id=4579\"><img decoding=\"async\" loading=\"lazy\" class=\"alignnone wp-image-4579 size-thumbnail\" src=\"https:\/\/www.zsnovarole.cz\/wp-content\/uploads\/2021\/09\/IMG-7522-150x150.jpg\" alt=\"\" width=\"150\" height=\"150\" srcset=\"https:\/\/www.zsnovarole.cz\/wp-content\/uploads\/2021\/09\/IMG-7522-150x150.jpg 150w, https:\/\/www.zsnovarole.cz\/wp-content\/uploads\/2021\/09\/IMG-7522-90x90.jpg 90w, https:\/\/www.zsnovarole.cz\/wp-content\/uploads\/2021\/09\/IMG-7522-75x75.jpg 75w\" sizes=\"(max-width: 150px) 100vw, 150px\" \/><\/a> <a href=\"https:\/\/www.zsnovarole.cz\/?attachment_id=4580\"><img decoding=\"async\" loading=\"lazy\" class=\"alignnone wp-image-4580 size-thumbnail\" src=\"https:\/\/www.zsnovarole.cz\/wp-content\/uploads\/2021\/09\/IMG-7525-150x150.jpg\" alt=\"\" width=\"150\" height=\"150\" srcset=\"https:\/\/www.zsnovarole.cz\/wp-content\/uploads\/2021\/09\/IMG-7525-150x150.jpg 150w, https:\/\/www.zsnovarole.cz\/wp-content\/uploads\/2021\/09\/IMG-7525-90x90.jpg 90w, https:\/\/www.zsnovarole.cz\/wp-content\/uploads\/2021\/09\/IMG-7525-75x75.jpg 75w\" sizes=\"(max-width: 150px) 100vw, 150px\" \/><\/a><\/p>\n<p><a href=\"https:\/\/www.zsnovarole.cz\/?attachment_id=4540\"><img decoding=\"async\" loading=\"lazy\" class=\"alignnone wp-image-4540 size-thumbnail\" src=\"https:\/\/www.zsnovarole.cz\/wp-content\/uploads\/2021\/09\/1-150x150.jpg\" alt=\"\" width=\"150\" height=\"150\" srcset=\"https:\/\/www.zsnovarole.cz\/wp-content\/uploads\/2021\/09\/1-150x150.jpg 150w, https:\/\/www.zsnovarole.cz\/wp-content\/uploads\/2021\/09\/1-90x90.jpg 90w, https:\/\/www.zsnovarole.cz\/wp-content\/uploads\/2021\/09\/1-75x75.jpg 75w\" sizes=\"(max-width: 150px) 100vw, 150px\" \/><\/a> <a href=\"https:\/\/www.zsnovarole.cz\/?attachment_id=4582\"><img decoding=\"async\" loading=\"lazy\" class=\"alignnone wp-image-4582 size-thumbnail\" src=\"https:\/\/www.zsnovarole.cz\/wp-content\/uploads\/2021\/09\/IMG-7524-150x150.jpg\" alt=\"\" width=\"150\" height=\"150\" srcset=\"https:\/\/www.zsnovarole.cz\/wp-content\/uploads\/2021\/09\/IMG-7524-150x150.jpg 150w, https:\/\/www.zsnovarole.cz\/wp-content\/uploads\/2021\/09\/IMG-7524-90x90.jpg 90w, https:\/\/www.zsnovarole.cz\/wp-content\/uploads\/2021\/09\/IMG-7524-75x75.jpg 75w\" sizes=\"(max-width: 150px) 100vw, 150px\" \/><\/a> <a href=\"https:\/\/www.zsnovarole.cz\/?attachment_id=4583\"><img decoding=\"async\" loading=\"lazy\" class=\"alignnone wp-image-4583 size-thumbnail\" src=\"https:\/\/www.zsnovarole.cz\/wp-content\/uploads\/2021\/09\/IMG-6138-150x150.jpg\" alt=\"\" width=\"150\" height=\"150\" srcset=\"https:\/\/www.zsnovarole.cz\/wp-content\/uploads\/2021\/09\/IMG-6138-150x150.jpg 150w, https:\/\/www.zsnovarole.cz\/wp-content\/uploads\/2021\/09\/IMG-6138-90x90.jpg 90w, https:\/\/www.zsnovarole.cz\/wp-content\/uploads\/2021\/09\/IMG-6138-75x75.jpg 75w\" sizes=\"(max-width: 150px) 100vw, 150px\" \/><\/a><\/p>\n<p>&nbsp;<\/p>\n","protected":false},"excerpt":{"rendered":"<p>St\u0159eda 8.9. a \u010dtvrtek 9.9. prob\u011bhly jako adapta\u010dn\u00ed dny \u017e\u00e1k\u016f 6.A a 6.B pod veden\u00edm jejich t\u0159\u00eddn\u00edch u\u010ditel\u016f. Byly napl\u00e1novan\u00e9 aktivity na pozn\u00e1n\u00ed se se sv\u00fdmi u\u010diteli a nov\u00fdmi \u017e\u00e1ky, na vz\u00e1jemn\u00e9 upevn\u011bn\u00ed vztah\u016f mezi spolu\u017e\u00e1ky, stmelen\u00ed kolektivu a p\u0159\u00edjemn\u011bj\u0161\u00ed p\u0159echod \u017e\u00e1k\u016f z I. stupn\u011b na II. stupe\u0148 na\u0161\u00ed Z\u0160. Ve st\u0159edu jsme dopoledne op\u00e9kali bu\u0159t\u00edky, v pr\u016fb\u011bhu dne a\u017e<\/p>\n","protected":false},"author":2,"featured_media":0,"comment_status":"closed","ping_status":"closed","sticky":false,"template":"","format":"standard","meta":[],"categories":[1],"tags":[],"jetpack_featured_media_url":"","_links":{"self":[{"href":"https:\/\/www.zsnovarole.cz\/index.php?rest_route=\/wp\/v2\/posts\/4537"}],"collection":[{"href":"https:\/\/www.zsnovarole.cz\/index.php?rest_route=\/wp\/v2\/posts"}],"about":[{"href":"https:\/\/www.zsnovarole.cz\/index.php?rest_route=\/wp\/v2\/types\/post"}],"author":[{"embeddable":true,"href":"https:\/\/www.zsnovarole.cz\/index.php?rest_route=\/wp\/v2\/users\/2"}],"replies":[{"embeddable":true,"href":"https:\/\/www.zsnovarole.cz\/index.php?rest_route=%2Fwp%2Fv2%2Fcomments&post=4537"}],"version-history":[{"count":4,"href":"https:\/\/www.zsnovarole.cz\/index.php?rest_route=\/wp\/v2\/posts\/4537\/revisions"}],"predecessor-version":[{"id":4661,"href":"https:\/\/www.zsnovarole.cz\/index.php?rest_route=\/wp\/v2\/posts\/4537\/revisions\/4661"}],"wp:attachment":[{"href":"https:\/\/www.zsnovarole.cz\/index.php?rest_route=%2Fwp%2Fv2%2Fmedia&parent=4537"}],"wp:term":[{"taxonomy":"category","embeddable":true,"href":"https:\/\/www.zsnovarole.cz\/index.php?rest_route=%2Fwp%2Fv2%2Fcategories&post=4537"},{"taxonomy":"post_tag","embeddable":true,"href":"https:\/\/www.zsnovarole.cz\/index.php?rest_route=%2Fwp%2Fv2%2Ftags&post=4537"}],"curies":[{"name":"wp","href":"https:\/\/api.w.org\/{rel}","templated":true}]}}