{"id":4625,"date":"2021-10-08T12:25:21","date_gmt":"2021-10-08T10:25:21","guid":{"rendered":"https:\/\/www.zsnovarole.cz\/?p=4625"},"modified":"2021-10-12T15:27:21","modified_gmt":"2021-10-12T13:27:21","slug":"projektovy-den-ke-sv-vaclavovi","status":"publish","type":"post","link":"https:\/\/www.zsnovarole.cz\/?p=4625","title":{"rendered":"Projektov\u00fd den, ke sv. V\u00e1clavovi"},"content":{"rendered":"<p>Dne 27. z\u00e1\u0159\u00ed 2021 se \u017e\u00e1ci 2. stupn\u011b aktivn\u011b zapojili do projektu ke dni sv\u00e1tku na\u0161eho patrona sv. V\u00e1clava. N\u00e1pln\u00ed dne bylo hled\u00e1n\u00ed ke\u0161ek, v\u011bdomostn\u00ed sout\u011b\u017e, grafick\u00e9 n\u00e1vrhy, vypl\u0148ov\u00e1n\u00ed pestr\u00e9ho pracovn\u00edho listu. Cel\u00fd program byl zavr\u0161en v\u011brnou historickou rekonstrukc\u00ed zavra\u017ed\u011bn\u00ed\u00a0 sv. V\u00e1clava u novorolsk\u00e9ho kostela sv. Michaela (pro po\u0159\u00e1dek &#8211; ve skute\u010dnosti byl zavra\u017ed\u011bn u jin\u00e9ho kostela ve Star\u00e9 Boleslavi). Po\u010das\u00ed vy\u0161lo, \u017e\u00e1ci se bavili a p\u0159i tom na\u010derpali nov\u00e9 poznatky a v\u011bdomosti.<\/p>\n<p><a href=\"https:\/\/www.zsnovarole.cz\/?attachment_id=4626\"><img decoding=\"async\" loading=\"lazy\" class=\"alignnone wp-image-4626 size-thumbnail\" src=\"https:\/\/www.zsnovarole.cz\/wp-content\/uploads\/2021\/10\/20210927_131213-150x150.jpg\" alt=\"\" width=\"150\" height=\"150\" srcset=\"https:\/\/www.zsnovarole.cz\/wp-content\/uploads\/2021\/10\/20210927_131213-150x150.jpg 150w, https:\/\/www.zsnovarole.cz\/wp-content\/uploads\/2021\/10\/20210927_131213-90x90.jpg 90w, https:\/\/www.zsnovarole.cz\/wp-content\/uploads\/2021\/10\/20210927_131213-75x75.jpg 75w\" sizes=\"(max-width: 150px) 100vw, 150px\" \/><\/a> <a href=\"https:\/\/www.zsnovarole.cz\/?attachment_id=4629\"><img decoding=\"async\" loading=\"lazy\" class=\"alignnone wp-image-4629 size-thumbnail\" src=\"https:\/\/www.zsnovarole.cz\/wp-content\/uploads\/2021\/10\/20210927_093824-150x150.jpg\" alt=\"\" width=\"150\" height=\"150\" srcset=\"https:\/\/www.zsnovarole.cz\/wp-content\/uploads\/2021\/10\/20210927_093824-150x150.jpg 150w, https:\/\/www.zsnovarole.cz\/wp-content\/uploads\/2021\/10\/20210927_093824-90x90.jpg 90w, https:\/\/www.zsnovarole.cz\/wp-content\/uploads\/2021\/10\/20210927_093824-75x75.jpg 75w\" sizes=\"(max-width: 150px) 100vw, 150px\" \/><\/a><a href=\"https:\/\/www.zsnovarole.cz\/?attachment_id=4628\"><img decoding=\"async\" loading=\"lazy\" class=\"alignnone wp-image-4628 size-thumbnail\" src=\"https:\/\/www.zsnovarole.cz\/wp-content\/uploads\/2021\/10\/20210927_084912-scaled-e1633688699394-150x150.jpg\" alt=\"\" width=\"150\" height=\"150\" srcset=\"https:\/\/www.zsnovarole.cz\/wp-content\/uploads\/2021\/10\/20210927_084912-scaled-e1633688699394-150x150.jpg 150w, https:\/\/www.zsnovarole.cz\/wp-content\/uploads\/2021\/10\/20210927_084912-scaled-e1633688699394-90x90.jpg 90w, https:\/\/www.zsnovarole.cz\/wp-content\/uploads\/2021\/10\/20210927_084912-scaled-e1633688699394-75x75.jpg 75w\" sizes=\"(max-width: 150px) 100vw, 150px\" \/><\/a> <a href=\"https:\/\/www.zsnovarole.cz\/?attachment_id=4627\"><img decoding=\"async\" loading=\"lazy\" class=\"alignnone wp-image-4627 size-thumbnail\" src=\"https:\/\/www.zsnovarole.cz\/wp-content\/uploads\/2021\/10\/20210927_131536-scaled-e1633688686577-150x150.jpg\" alt=\"\" width=\"150\" height=\"150\" srcset=\"https:\/\/www.zsnovarole.cz\/wp-content\/uploads\/2021\/10\/20210927_131536-scaled-e1633688686577-150x150.jpg 150w, https:\/\/www.zsnovarole.cz\/wp-content\/uploads\/2021\/10\/20210927_131536-scaled-e1633688686577-90x90.jpg 90w, https:\/\/www.zsnovarole.cz\/wp-content\/uploads\/2021\/10\/20210927_131536-scaled-e1633688686577-75x75.jpg 75w\" sizes=\"(max-width: 150px) 100vw, 150px\" \/><\/a><\/p>\n<p>&nbsp;<\/p>\n","protected":false},"excerpt":{"rendered":"<p>Dne 27. z\u00e1\u0159\u00ed 2021 se \u017e\u00e1ci 2. stupn\u011b aktivn\u011b zapojili do projektu ke dni sv\u00e1tku na\u0161eho patrona sv. V\u00e1clava. N\u00e1pln\u00ed dne bylo hled\u00e1n\u00ed ke\u0161ek, v\u011bdomostn\u00ed sout\u011b\u017e, grafick\u00e9 n\u00e1vrhy, vypl\u0148ov\u00e1n\u00ed pestr\u00e9ho pracovn\u00edho listu. Cel\u00fd program byl zavr\u0161en v\u011brnou historickou rekonstrukc\u00ed zavra\u017ed\u011bn\u00ed\u00a0 sv. V\u00e1clava u novorolsk\u00e9ho kostela sv. Michaela (pro po\u0159\u00e1dek &#8211; ve skute\u010dnosti byl zavra\u017ed\u011bn u jin\u00e9ho kostela ve Star\u00e9 Boleslavi).<\/p>\n","protected":false},"author":2,"featured_media":0,"comment_status":"closed","ping_status":"closed","sticky":false,"template":"","format":"standard","meta":[],"categories":[1],"tags":[],"jetpack_featured_media_url":"","_links":{"self":[{"href":"https:\/\/www.zsnovarole.cz\/index.php?rest_route=\/wp\/v2\/posts\/4625"}],"collection":[{"href":"https:\/\/www.zsnovarole.cz\/index.php?rest_route=\/wp\/v2\/posts"}],"about":[{"href":"https:\/\/www.zsnovarole.cz\/index.php?rest_route=\/wp\/v2\/types\/post"}],"author":[{"embeddable":true,"href":"https:\/\/www.zsnovarole.cz\/index.php?rest_route=\/wp\/v2\/users\/2"}],"replies":[{"embeddable":true,"href":"https:\/\/www.zsnovarole.cz\/index.php?rest_route=%2Fwp%2Fv2%2Fcomments&post=4625"}],"version-history":[{"count":3,"href":"https:\/\/www.zsnovarole.cz\/index.php?rest_route=\/wp\/v2\/posts\/4625\/revisions"}],"predecessor-version":[{"id":4653,"href":"https:\/\/www.zsnovarole.cz\/index.php?rest_route=\/wp\/v2\/posts\/4625\/revisions\/4653"}],"wp:attachment":[{"href":"https:\/\/www.zsnovarole.cz\/index.php?rest_route=%2Fwp%2Fv2%2Fmedia&parent=4625"}],"wp:term":[{"taxonomy":"category","embeddable":true,"href":"https:\/\/www.zsnovarole.cz\/index.php?rest_route=%2Fwp%2Fv2%2Fcategories&post=4625"},{"taxonomy":"post_tag","embeddable":true,"href":"https:\/\/www.zsnovarole.cz\/index.php?rest_route=%2Fwp%2Fv2%2Ftags&post=4625"}],"curies":[{"name":"wp","href":"https:\/\/api.w.org\/{rel}","templated":true}]}}