{"id":4777,"date":"2021-12-02T07:56:57","date_gmt":"2021-12-02T06:56:57","guid":{"rendered":"https:\/\/www.zsnovarole.cz\/?p=4777"},"modified":"2021-12-02T07:56:57","modified_gmt":"2021-12-02T06:56:57","slug":"den-v-narodnich-barvach-aneb-32-vyroci-sametove-revoluce-na-nasi-skole","status":"publish","type":"post","link":"https:\/\/www.zsnovarole.cz\/?p=4777","title":{"rendered":"Den v n\u00e1rodn\u00edch barv\u00e1ch aneb 32. v\u00fdro\u010d\u00ed sametov\u00e9 revoluce na na\u0161\u00ed \u0161kole"},"content":{"rendered":"<p>P\u0159edloni v\u0161ichni \u017e\u00e1ci a u\u010ditel\u00e9 projektov\u00fdm dnem spole\u010dn\u011b oslavili 30 let od listopadov\u00e9 revoluce 1989. Rok pot\u00e9, v dob\u011b epidemie covidu, mohla p\u0159ipom\u00ednka na sametovou revoluci\u00a0\u00a0prob\u011bhnout pouze v r\u00e1mci distan\u010dn\u00ed v\u00fduky. \u017d\u00e1ci a u\u010ditel\u00e9 tak spole\u010dn\u011b alespo\u0148 online zhl\u00e9dli tematick\u00e9 dokumenty a prost\u0159ednictv\u00edm obrazovek diskutovali o tehdej\u0161\u00edch ud\u00e1lostech. Leto\u0161n\u00ed\u00a0\u00a032. v\u00fdro\u010d\u00ed si vy\u0161\u0161\u00ed ro\u010dn\u00edky p\u0159ipomn\u011bli dokument\u00e1rn\u00edm filmem o osudech politick\u00e9 v\u011bzenkyn\u011b Dagmar \u0160imkov\u00e9, autorky knihy Byly jsme tam tak\u00e9, a spolu s vyu\u010duj\u00edc\u00edmi se z\u00fa\u010dastnili \u017eiv\u011b vys\u00edlan\u00e9 moderovan\u00e9 debaty zam\u011b\u0159en\u00e9 na pom\u011bry v \u017eensk\u00fdch komunistick\u00fdch v\u011bznic\u00edch. Nep\u0159\u00edzniv\u00e1 epidemiologick\u00e1 situace bohu\u017eel op\u011bt neumo\u017enila podniknout na \u0161kole v\u011bt\u0161\u00ed oslavu, p\u0159esto jsme na\u0161li cestu, jak si tento v\u00fdznamn\u00fd den spole\u010dn\u011b p\u0159ipomenout. \u017d\u00e1ci i u\u010ditel\u00e9 p\u0159i\u0161li v tento den do \u0161koly symbolicky oble\u010den\u00ed v barv\u00e1ch trikol\u00f3ry.<\/p>\n<p><a href=\"https:\/\/www.zsnovarole.cz\/?attachment_id=4778\" rel=\"attachment wp-att-4778\"><img decoding=\"async\" loading=\"lazy\" class=\"alignnone size-thumbnail wp-image-4778\" src=\"https:\/\/www.zsnovarole.cz\/wp-content\/uploads\/2021\/12\/IMG-20211201-WA0000-150x150.jpg\" alt=\"\" width=\"150\" height=\"150\" srcset=\"https:\/\/www.zsnovarole.cz\/wp-content\/uploads\/2021\/12\/IMG-20211201-WA0000-150x150.jpg 150w, https:\/\/www.zsnovarole.cz\/wp-content\/uploads\/2021\/12\/IMG-20211201-WA0000-90x90.jpg 90w, https:\/\/www.zsnovarole.cz\/wp-content\/uploads\/2021\/12\/IMG-20211201-WA0000-75x75.jpg 75w\" sizes=\"(max-width: 150px) 100vw, 150px\" \/><\/a><\/p>\n","protected":false},"excerpt":{"rendered":"<p>P\u0159edloni v\u0161ichni \u017e\u00e1ci a u\u010ditel\u00e9 projektov\u00fdm dnem spole\u010dn\u011b oslavili 30 let od listopadov\u00e9 revoluce 1989. Rok pot\u00e9, v dob\u011b epidemie covidu, mohla p\u0159ipom\u00ednka na sametovou revoluci\u00a0\u00a0prob\u011bhnout pouze v r\u00e1mci distan\u010dn\u00ed v\u00fduky. \u017d\u00e1ci a u\u010ditel\u00e9 tak spole\u010dn\u011b alespo\u0148 online zhl\u00e9dli tematick\u00e9 dokumenty a prost\u0159ednictv\u00edm obrazovek diskutovali o tehdej\u0161\u00edch ud\u00e1lostech. Leto\u0161n\u00ed\u00a0\u00a032. v\u00fdro\u010d\u00ed si vy\u0161\u0161\u00ed ro\u010dn\u00edky p\u0159ipomn\u011bli dokument\u00e1rn\u00edm filmem o osudech politick\u00e9 v\u011bzenkyn\u011b<\/p>\n","protected":false},"author":2,"featured_media":0,"comment_status":"closed","ping_status":"closed","sticky":false,"template":"","format":"standard","meta":[],"categories":[1],"tags":[],"jetpack_featured_media_url":"","_links":{"self":[{"href":"https:\/\/www.zsnovarole.cz\/index.php?rest_route=\/wp\/v2\/posts\/4777"}],"collection":[{"href":"https:\/\/www.zsnovarole.cz\/index.php?rest_route=\/wp\/v2\/posts"}],"about":[{"href":"https:\/\/www.zsnovarole.cz\/index.php?rest_route=\/wp\/v2\/types\/post"}],"author":[{"embeddable":true,"href":"https:\/\/www.zsnovarole.cz\/index.php?rest_route=\/wp\/v2\/users\/2"}],"replies":[{"embeddable":true,"href":"https:\/\/www.zsnovarole.cz\/index.php?rest_route=%2Fwp%2Fv2%2Fcomments&post=4777"}],"version-history":[{"count":1,"href":"https:\/\/www.zsnovarole.cz\/index.php?rest_route=\/wp\/v2\/posts\/4777\/revisions"}],"predecessor-version":[{"id":4779,"href":"https:\/\/www.zsnovarole.cz\/index.php?rest_route=\/wp\/v2\/posts\/4777\/revisions\/4779"}],"wp:attachment":[{"href":"https:\/\/www.zsnovarole.cz\/index.php?rest_route=%2Fwp%2Fv2%2Fmedia&parent=4777"}],"wp:term":[{"taxonomy":"category","embeddable":true,"href":"https:\/\/www.zsnovarole.cz\/index.php?rest_route=%2Fwp%2Fv2%2Fcategories&post=4777"},{"taxonomy":"post_tag","embeddable":true,"href":"https:\/\/www.zsnovarole.cz\/index.php?rest_route=%2Fwp%2Fv2%2Ftags&post=4777"}],"curies":[{"name":"wp","href":"https:\/\/api.w.org\/{rel}","templated":true}]}}