{"id":5031,"date":"2022-05-03T11:46:23","date_gmt":"2022-05-03T09:46:23","guid":{"rendered":"https:\/\/www.zsnovarole.cz\/?p=5031"},"modified":"2022-05-03T11:47:59","modified_gmt":"2022-05-03T09:47:59","slug":"den-zeme-chranime-prirodu-a-uklizime-cesko","status":"publish","type":"post","link":"https:\/\/www.zsnovarole.cz\/?p=5031","title":{"rendered":"Den Zem\u011b \u2013 chr\u00e1n\u00edme p\u0159\u00edrodu a ukl\u00edz\u00edme \u010cesko"},"content":{"rendered":"<p>22. dubna slav\u00edme Den Zem\u011b a jeho c\u00edlem je zapojit co nejv\u00edce lid\u00ed do ochrany p\u0159\u00edrody<br \/>\nnap\u0159\u00edklad t\u0159\u00edd\u011bn\u00edm odpad\u016f, \u0161et\u0159en\u00edm energi\u00ed a energetick\u00fdmi zdroji. V\u00a0\u010cech\u00e1ch jsou na ja\u0159e<br \/>\npo\u0159\u00e1d\u00e1ny akce s n\u00e1zvem \u201eUkli\u010fme \u010cesko\u201c, kter\u00e9 maj\u00ed za c\u00edl uklidit neleg\u00e1ln\u011b vznikl\u00e9 \u010dern\u00e9<br \/>\nskl\u00e1dky a nepo\u0159\u00e1dek v\u00a0p\u0159\u00edrod\u011b. Zapojili jsme se i my. Z\u00a0domova jsme byli vybaveni<br \/>\npracovn\u00edmi ochrann\u00fdmi rukavicemi. Igelitov\u00e9 pytle jsme dostali ve \u0161kole. Cestu za \u00faklidem<br \/>\np\u0159\u00edrody v\u00a0Nov\u00e9 Roli n\u00e1m zp\u0159\u00edjemnili \u017e\u00e1ci 2. stupn\u011b, kte\u0159\u00ed n\u00e1s \u010dekali na stanovi\u0161t\u00edch se<br \/>\nz\u00e1ludn\u00fdmi ot\u00e1zkami a \u00fakoly \u2013 pozn\u00e1v\u00e1n\u00ed druh\u016f strom\u016f, zkou\u0161ka ze zdravov\u011bdy a prvn\u00ed<br \/>\npomoci p\u0159i \u00farazu, t\u0159\u00edd\u011bn\u00ed odpadu a tvo\u0159en\u00ed z\u00a0p\u0159\u00edrodn\u00edch materi\u00e1l\u016f. Kdo cht\u011bl, mohl si pod<br \/>\nveden\u00edm zku\u0161en\u00e9ho lesn\u00edka Lubo\u0161e zasadit strom a ozna\u010dit ho cedulkou se sv\u00fdm jm\u00e9nem.<br \/>\nNa\u0161e t\u0159\u00edda nasb\u00edrala v p\u0159\u00edkopech a po cest\u011b za \u00fakoly t\u0159i velk\u00e9 pytle odpadu. Nev\u011b\u0159ili jsme, co v\u0161e lid\u00e9 jen tak pohod\u00ed a neodnesou do popelnice nebo kontejneru. Igelity a plastov\u00e9 lahve, plechovky, sklenice, obaly od su\u0161enek, d\u011btsk\u00e9 pleny. V\u0161e se v p\u0159\u00edrod\u011b rozkl\u00e1d\u00e1 v\u00edce ne\u017e 50 let, a tak jsme to tam nemohli nechat.<br \/>\nCht\u011bli jsme v\u0161echny poprosit: \u201eLid\u00e9, pros\u00edme v\u00e1s, neh\u00e1zejte odpadky kolem sebe, ale do<br \/>\npopelnic na t\u0159\u00edd\u011bn\u00fd odpad.\u201c<br \/>\n\u017d\u00e1ci 2. B a t\u0159. u\u010ditelka M. Vol\u00e1kov\u00e1<\/p>\n<p><a href=\"https:\/\/www.zsnovarole.cz\/wp-content\/uploads\/2022\/05\/Den-Zeme_cistime-prirodu-2-scaled.jpg\"><img decoding=\"async\" loading=\"lazy\" class=\"alignnone size-thumbnail wp-image-5032\" src=\"https:\/\/www.zsnovarole.cz\/wp-content\/uploads\/2022\/05\/Den-Zeme_cistime-prirodu-2-150x150.jpg\" alt=\"\" width=\"150\" height=\"150\" srcset=\"https:\/\/www.zsnovarole.cz\/wp-content\/uploads\/2022\/05\/Den-Zeme_cistime-prirodu-2-150x150.jpg 150w, https:\/\/www.zsnovarole.cz\/wp-content\/uploads\/2022\/05\/Den-Zeme_cistime-prirodu-2-90x90.jpg 90w, https:\/\/www.zsnovarole.cz\/wp-content\/uploads\/2022\/05\/Den-Zeme_cistime-prirodu-2-75x75.jpg 75w\" sizes=\"(max-width: 150px) 100vw, 150px\" \/><\/a> <a href=\"https:\/\/www.zsnovarole.cz\/wp-content\/uploads\/2022\/05\/Den-Zeme_sazeni-stromku_2-scaled.jpg\"><img decoding=\"async\" loading=\"lazy\" class=\"alignnone size-thumbnail wp-image-5033\" src=\"https:\/\/www.zsnovarole.cz\/wp-content\/uploads\/2022\/05\/Den-Zeme_sazeni-stromku_2-150x150.jpg\" alt=\"\" width=\"150\" height=\"150\" srcset=\"https:\/\/www.zsnovarole.cz\/wp-content\/uploads\/2022\/05\/Den-Zeme_sazeni-stromku_2-150x150.jpg 150w, https:\/\/www.zsnovarole.cz\/wp-content\/uploads\/2022\/05\/Den-Zeme_sazeni-stromku_2-90x90.jpg 90w, https:\/\/www.zsnovarole.cz\/wp-content\/uploads\/2022\/05\/Den-Zeme_sazeni-stromku_2-75x75.jpg 75w\" sizes=\"(max-width: 150px) 100vw, 150px\" \/><\/a> <a href=\"https:\/\/www.zsnovarole.cz\/wp-content\/uploads\/2022\/05\/Den-Zeme_cistime-prirodu-scaled.jpg\"><img decoding=\"async\" loading=\"lazy\" class=\"alignnone size-thumbnail wp-image-5034\" src=\"https:\/\/www.zsnovarole.cz\/wp-content\/uploads\/2022\/05\/Den-Zeme_cistime-prirodu-150x150.jpg\" alt=\"\" width=\"150\" height=\"150\" srcset=\"https:\/\/www.zsnovarole.cz\/wp-content\/uploads\/2022\/05\/Den-Zeme_cistime-prirodu-150x150.jpg 150w, https:\/\/www.zsnovarole.cz\/wp-content\/uploads\/2022\/05\/Den-Zeme_cistime-prirodu-90x90.jpg 90w, https:\/\/www.zsnovarole.cz\/wp-content\/uploads\/2022\/05\/Den-Zeme_cistime-prirodu-75x75.jpg 75w\" sizes=\"(max-width: 150px) 100vw, 150px\" \/><\/a><\/p>\n","protected":false},"excerpt":{"rendered":"<p>22. dubna slav\u00edme Den Zem\u011b a jeho c\u00edlem je zapojit co nejv\u00edce lid\u00ed do ochrany p\u0159\u00edrody nap\u0159\u00edklad t\u0159\u00edd\u011bn\u00edm odpad\u016f, \u0161et\u0159en\u00edm energi\u00ed a energetick\u00fdmi zdroji. V\u00a0\u010cech\u00e1ch jsou na ja\u0159e po\u0159\u00e1d\u00e1ny akce s n\u00e1zvem \u201eUkli\u010fme \u010cesko\u201c, kter\u00e9 maj\u00ed za c\u00edl uklidit neleg\u00e1ln\u011b vznikl\u00e9 \u010dern\u00e9 skl\u00e1dky a nepo\u0159\u00e1dek v\u00a0p\u0159\u00edrod\u011b. Zapojili jsme se i my. Z\u00a0domova jsme byli vybaveni pracovn\u00edmi ochrann\u00fdmi rukavicemi. Igelitov\u00e9 pytle<\/p>\n","protected":false},"author":2,"featured_media":0,"comment_status":"closed","ping_status":"closed","sticky":false,"template":"","format":"standard","meta":[],"categories":[1],"tags":[],"jetpack_featured_media_url":"","_links":{"self":[{"href":"https:\/\/www.zsnovarole.cz\/index.php?rest_route=\/wp\/v2\/posts\/5031"}],"collection":[{"href":"https:\/\/www.zsnovarole.cz\/index.php?rest_route=\/wp\/v2\/posts"}],"about":[{"href":"https:\/\/www.zsnovarole.cz\/index.php?rest_route=\/wp\/v2\/types\/post"}],"author":[{"embeddable":true,"href":"https:\/\/www.zsnovarole.cz\/index.php?rest_route=\/wp\/v2\/users\/2"}],"replies":[{"embeddable":true,"href":"https:\/\/www.zsnovarole.cz\/index.php?rest_route=%2Fwp%2Fv2%2Fcomments&post=5031"}],"version-history":[{"count":1,"href":"https:\/\/www.zsnovarole.cz\/index.php?rest_route=\/wp\/v2\/posts\/5031\/revisions"}],"predecessor-version":[{"id":5035,"href":"https:\/\/www.zsnovarole.cz\/index.php?rest_route=\/wp\/v2\/posts\/5031\/revisions\/5035"}],"wp:attachment":[{"href":"https:\/\/www.zsnovarole.cz\/index.php?rest_route=%2Fwp%2Fv2%2Fmedia&parent=5031"}],"wp:term":[{"taxonomy":"category","embeddable":true,"href":"https:\/\/www.zsnovarole.cz\/index.php?rest_route=%2Fwp%2Fv2%2Fcategories&post=5031"},{"taxonomy":"post_tag","embeddable":true,"href":"https:\/\/www.zsnovarole.cz\/index.php?rest_route=%2Fwp%2Fv2%2Ftags&post=5031"}],"curies":[{"name":"wp","href":"https:\/\/api.w.org\/{rel}","templated":true}]}}