{"id":5044,"date":"2022-05-09T13:14:47","date_gmt":"2022-05-09T11:14:47","guid":{"rendered":"https:\/\/www.zsnovarole.cz\/?p=5044"},"modified":"2022-05-09T13:14:47","modified_gmt":"2022-05-09T11:14:47","slug":"pasovani-na-ctenare","status":"publish","type":"post","link":"https:\/\/www.zsnovarole.cz\/?p=5044","title":{"rendered":"PASOV\u00c1N\u00cd NA \u010cTEN\u00c1\u0158E"},"content":{"rendered":"<p>4. kv\u011bten byl velk\u00fd den pro na\u0161e prv\u0148\u00e1\u010dky. Po zvl\u00e1dnut\u00ed v\u0161ech p\u00edsmenek ve Slabik\u00e1\u0159i byli pozv\u00e1ni do m\u00edstn\u00ed knihovny, kde byli slavnostn\u011b pasov\u00e1ni na ryt\u00ed\u0159e \u0159\u00e1du \u010dten\u00e1\u0159sk\u00e9ho. V\u0161ichni slo\u017eili slavnostn\u00ed slib, \u017ee se budou ke kn\u00ed\u017ek\u00e1m chovat hezky a s \u00factou. Potom ji\u017e dostali kn\u00ed\u017eku pro prv\u0148\u00e1\u010dky o Dub\u00ednkovi. A samoz\u0159ejm\u011b tak\u00e9 svou pr\u016fkazku do knihovny. To bylo radosti, kdy\u017e si v\u0161ichni mohli p\u016fj\u010dit svou prvn\u00ed kn\u00ed\u017eku. Tak snad jim ta chu\u0165 ke \u010dten\u00ed vydr\u017e\u00ed co nejd\u00e9le.<\/p>\n<p><a href=\"https:\/\/www.zsnovarole.cz\/wp-content\/uploads\/2022\/05\/DSC03789-scaled.jpg\"><img decoding=\"async\" loading=\"lazy\" class=\"alignnone size-thumbnail wp-image-5045\" src=\"https:\/\/www.zsnovarole.cz\/wp-content\/uploads\/2022\/05\/DSC03789-150x150.jpg\" alt=\"\" width=\"150\" height=\"150\" srcset=\"https:\/\/www.zsnovarole.cz\/wp-content\/uploads\/2022\/05\/DSC03789-150x150.jpg 150w, https:\/\/www.zsnovarole.cz\/wp-content\/uploads\/2022\/05\/DSC03789-90x90.jpg 90w, https:\/\/www.zsnovarole.cz\/wp-content\/uploads\/2022\/05\/DSC03789-75x75.jpg 75w\" sizes=\"(max-width: 150px) 100vw, 150px\" \/><\/a><\/p>\n","protected":false},"excerpt":{"rendered":"<p>4. kv\u011bten byl velk\u00fd den pro na\u0161e prv\u0148\u00e1\u010dky. Po zvl\u00e1dnut\u00ed v\u0161ech p\u00edsmenek ve Slabik\u00e1\u0159i byli pozv\u00e1ni do m\u00edstn\u00ed knihovny, kde byli slavnostn\u011b pasov\u00e1ni na ryt\u00ed\u0159e \u0159\u00e1du \u010dten\u00e1\u0159sk\u00e9ho. V\u0161ichni slo\u017eili slavnostn\u00ed slib, \u017ee se budou ke kn\u00ed\u017ek\u00e1m chovat hezky a s \u00factou. Potom ji\u017e dostali kn\u00ed\u017eku pro prv\u0148\u00e1\u010dky o Dub\u00ednkovi. A samoz\u0159ejm\u011b tak\u00e9 svou pr\u016fkazku do knihovny. To bylo radosti, kdy\u017e<\/p>\n","protected":false},"author":2,"featured_media":0,"comment_status":"closed","ping_status":"closed","sticky":false,"template":"","format":"standard","meta":[],"categories":[1],"tags":[],"jetpack_featured_media_url":"","_links":{"self":[{"href":"https:\/\/www.zsnovarole.cz\/index.php?rest_route=\/wp\/v2\/posts\/5044"}],"collection":[{"href":"https:\/\/www.zsnovarole.cz\/index.php?rest_route=\/wp\/v2\/posts"}],"about":[{"href":"https:\/\/www.zsnovarole.cz\/index.php?rest_route=\/wp\/v2\/types\/post"}],"author":[{"embeddable":true,"href":"https:\/\/www.zsnovarole.cz\/index.php?rest_route=\/wp\/v2\/users\/2"}],"replies":[{"embeddable":true,"href":"https:\/\/www.zsnovarole.cz\/index.php?rest_route=%2Fwp%2Fv2%2Fcomments&post=5044"}],"version-history":[{"count":1,"href":"https:\/\/www.zsnovarole.cz\/index.php?rest_route=\/wp\/v2\/posts\/5044\/revisions"}],"predecessor-version":[{"id":5046,"href":"https:\/\/www.zsnovarole.cz\/index.php?rest_route=\/wp\/v2\/posts\/5044\/revisions\/5046"}],"wp:attachment":[{"href":"https:\/\/www.zsnovarole.cz\/index.php?rest_route=%2Fwp%2Fv2%2Fmedia&parent=5044"}],"wp:term":[{"taxonomy":"category","embeddable":true,"href":"https:\/\/www.zsnovarole.cz\/index.php?rest_route=%2Fwp%2Fv2%2Fcategories&post=5044"},{"taxonomy":"post_tag","embeddable":true,"href":"https:\/\/www.zsnovarole.cz\/index.php?rest_route=%2Fwp%2Fv2%2Ftags&post=5044"}],"curies":[{"name":"wp","href":"https:\/\/api.w.org\/{rel}","templated":true}]}}