{"id":5070,"date":"2022-05-13T14:22:57","date_gmt":"2022-05-13T12:22:57","guid":{"rendered":"https:\/\/www.zsnovarole.cz\/?p=5070"},"modified":"2022-05-19T09:07:21","modified_gmt":"2022-05-19T07:07:21","slug":"po-stopach-hrdinu","status":"publish","type":"post","link":"https:\/\/www.zsnovarole.cz\/?p=5070","title":{"rendered":"Po stop\u00e1ch hrdin\u016f"},"content":{"rendered":"<p>Dne 6. 4. 2022 m\u011bli na\u0161i \u017e\u00e1ci p\u0159edn\u00e1\u0161ku pana Radka Hejreta s\u00a0n\u00e1zvem Po stop\u00e1ch hrdin\u016f.<\/p>\n<p>7. dubna 1944 se poda\u0159ilo dv\u011bma mlad\u00fdm slovensk\u00fdm \u017did\u016fm \u2013 Rudolfovi Vrbovi a Alfr\u00e9dovi Wetzlerovi \u2013 ut\u00e9ct z vyhlazovac\u00edho t\u00e1bora Auschwitz-Birkenau. Jejich \u00fat\u011bk nebyl jen pokusem o z\u00e1chranu vlastn\u00edch \u017eivot\u016f. Oba v\u011bzni ut\u00edkali za podpory odbojov\u00e9ho hnut\u00ed v t\u00e1bo\u0159e s \u00fakolem podat sv\u011bdectv\u00ed o masov\u00fdch vra\u017ed\u00e1ch v plynov\u00fdch komor\u00e1ch a pokud mo\u017eno p\u0159isp\u011bt k jejich zastaven\u00ed.<\/p>\n<p>V\u00a0r\u00e1mci p\u0159edn\u00e1\u0161ky se \u017e\u00e1ci sezn\u00e1mili nejen s\u00a0p\u0159\u00edb\u011bhem neuv\u011b\u0159iteln\u00e9ho hrdinstv\u00ed na pozad\u00ed historick\u00fdch ud\u00e1lost\u00ed, ale byla jim t\u00e9\u017e p\u0159edstavena definice holocaustu \u2013 \u0161oa, pops\u00e1na situace v Evrop\u011b p\u0159ed n\u00e1stupem Adolfa Hitlera k\u00a0moci, zopakovali si term\u00edny Mnichovsk\u00e1 dohoda a tzv. k\u0159i\u0161\u0165\u00e1lov\u00e1 noc.<\/p>\n<p><a href=\"https:\/\/www.zsnovarole.cz\/wp-content\/uploads\/2022\/05\/vrba-wntzler.png\"><img decoding=\"async\" loading=\"lazy\" class=\"alignnone size-thumbnail wp-image-5094\" src=\"https:\/\/www.zsnovarole.cz\/wp-content\/uploads\/2022\/05\/vrba-wntzler-150x150.png\" alt=\"\" width=\"150\" height=\"150\" srcset=\"https:\/\/www.zsnovarole.cz\/wp-content\/uploads\/2022\/05\/vrba-wntzler-150x150.png 150w, https:\/\/www.zsnovarole.cz\/wp-content\/uploads\/2022\/05\/vrba-wntzler-90x90.png 90w, https:\/\/www.zsnovarole.cz\/wp-content\/uploads\/2022\/05\/vrba-wntzler-75x75.png 75w\" sizes=\"(max-width: 150px) 100vw, 150px\" \/><\/a><\/p>\n","protected":false},"excerpt":{"rendered":"<p>Dne 6. 4. 2022 m\u011bli na\u0161i \u017e\u00e1ci p\u0159edn\u00e1\u0161ku pana Radka Hejreta s\u00a0n\u00e1zvem Po stop\u00e1ch hrdin\u016f. 7. dubna 1944 se poda\u0159ilo dv\u011bma mlad\u00fdm slovensk\u00fdm \u017did\u016fm \u2013 Rudolfovi Vrbovi a Alfr\u00e9dovi Wetzlerovi \u2013 ut\u00e9ct z vyhlazovac\u00edho t\u00e1bora Auschwitz-Birkenau. Jejich \u00fat\u011bk nebyl jen pokusem o z\u00e1chranu vlastn\u00edch \u017eivot\u016f. Oba v\u011bzni ut\u00edkali za podpory odbojov\u00e9ho hnut\u00ed v t\u00e1bo\u0159e s \u00fakolem podat sv\u011bdectv\u00ed o masov\u00fdch<\/p>\n","protected":false},"author":2,"featured_media":0,"comment_status":"closed","ping_status":"closed","sticky":false,"template":"","format":"standard","meta":[],"categories":[1],"tags":[],"jetpack_featured_media_url":"","_links":{"self":[{"href":"https:\/\/www.zsnovarole.cz\/index.php?rest_route=\/wp\/v2\/posts\/5070"}],"collection":[{"href":"https:\/\/www.zsnovarole.cz\/index.php?rest_route=\/wp\/v2\/posts"}],"about":[{"href":"https:\/\/www.zsnovarole.cz\/index.php?rest_route=\/wp\/v2\/types\/post"}],"author":[{"embeddable":true,"href":"https:\/\/www.zsnovarole.cz\/index.php?rest_route=\/wp\/v2\/users\/2"}],"replies":[{"embeddable":true,"href":"https:\/\/www.zsnovarole.cz\/index.php?rest_route=%2Fwp%2Fv2%2Fcomments&post=5070"}],"version-history":[{"count":3,"href":"https:\/\/www.zsnovarole.cz\/index.php?rest_route=\/wp\/v2\/posts\/5070\/revisions"}],"predecessor-version":[{"id":5096,"href":"https:\/\/www.zsnovarole.cz\/index.php?rest_route=\/wp\/v2\/posts\/5070\/revisions\/5096"}],"wp:attachment":[{"href":"https:\/\/www.zsnovarole.cz\/index.php?rest_route=%2Fwp%2Fv2%2Fmedia&parent=5070"}],"wp:term":[{"taxonomy":"category","embeddable":true,"href":"https:\/\/www.zsnovarole.cz\/index.php?rest_route=%2Fwp%2Fv2%2Fcategories&post=5070"},{"taxonomy":"post_tag","embeddable":true,"href":"https:\/\/www.zsnovarole.cz\/index.php?rest_route=%2Fwp%2Fv2%2Ftags&post=5070"}],"curies":[{"name":"wp","href":"https:\/\/api.w.org\/{rel}","templated":true}]}}