{"id":5412,"date":"2022-09-12T09:08:50","date_gmt":"2022-09-12T07:08:50","guid":{"rendered":"https:\/\/www.zsnovarole.cz\/?p=5412"},"modified":"2022-09-12T09:08:50","modified_gmt":"2022-09-12T07:08:50","slug":"pribehy-nasich-sousedu","status":"publish","type":"post","link":"https:\/\/www.zsnovarole.cz\/?p=5412","title":{"rendered":"P\u0159\u00edb\u011bhy na\u0161ich soused\u016f"},"content":{"rendered":"<p><b>Dokumentaristika jako \u0161koln\u00ed projekt<\/b><\/p>\n<p><span style=\"font-weight: 400;\">Ve \u0161koln\u00edm roce 2021\/22 se na\u0161e \u0161kola op\u011bt zapojila do celorepublikov\u00e9ho projektu <\/span><b>P\u0159\u00edb\u011bhy na\u0161ich soused\u016f<\/b><span style=\"font-weight: 400;\"> organizace Post Bellum, v n\u011bm\u017e doch\u00e1z\u00ed k setk\u00e1v\u00e1n\u00ed generac\u00ed a p\u0159ed\u00e1v\u00e1n\u00ed zku\u0161enost\u00ed star\u0161\u00edch mlad\u0161\u00edm. V p\u0159ede\u0161l\u00fdch dvou letech byla na\u0161imi pam\u011btn\u00edky generace, kter\u00e1 sv\u00e9 d\u011btstv\u00ed pro\u017eila v pov\u00e1le\u010dn\u00e9m \u010deskoslovensk\u00e9m pohrani\u010d\u00ed. V ro\u010dn\u00edku leto\u0161n\u00edm na\u0161e \u017e\u00e1kyn\u011b Barbora H\u00f6flerov\u00e1 vedla rozhovor s majitelem z\u00e1mku Chy\u0161e, panem Vladim\u00edrem La\u017eansk\u00fdm. Hlavn\u00edm t\u00e9matem vzpom\u00edn\u00e1n\u00ed byla tentokr\u00e1t cesta rodiny La\u017eansk\u00fdch od koupi rodov\u00e9ho majetku p\u0159es jeho rozs\u00e1hlou a n\u00e1ro\u010dnou rekonstrukci a\u017e po sou\u010dasnou podobu t\u00e9to kulturn\u00ed pam\u00e1tky. P\u0159ed samotn\u00fdm setk\u00e1n\u00edm s pam\u011btn\u00edkem absolvovaly B\u00e1ra a Nat\u00e1lie G\u00e1likov\u00e1 workshopy t\u00fdkaj\u00edc\u00ed se pr\u00e1ce dokumentarist\u016f, pr\u00e1ce s realitou. V kone\u010dn\u00e9 f\u00e1zi projektu pot\u00e9 spole\u010dn\u011b nahr\u00e1ly tzv. spojov\u00e1ky (texty namluven\u00e9 redaktory) a byly p\u0159\u00edtomny u\u00a0<\/span><span style=\"font-weight: 400;\">profesion\u00e1ln\u00edho sest\u0159ih\u00e1v\u00e1n\u00ed report\u00e1\u017ee panem Radimem Jehl\u00edkem z \u010cesk\u00e9ho rozhlasu.<\/span><\/p>\n<p><span style=\"font-weight: 400;\">D\u011bv\u010dat\u016fm d\u011bkujeme za aktivn\u00ed \u00fa\u010dast a za reprezentaci na\u0161\u00ed \u0161koly. Jejich v\u00fdslednou nato\u010denou report\u00e1\u017e si m\u016f\u017eete poslechnout na\u00a0<\/span><\/p>\n<p><a href=\"https:\/\/www.pribehynasichsousedu.cz\/karlovarsky-kraj\/karlovarsky-kraj-2021-2022\/lazansky-vladimir\/\"><span style=\"font-weight: 400;\">https:\/\/www.pribehynasichsousedu.cz\/karlovarsky-kraj\/karlovarsky-kraj-2021-2022\/lazansky-vladimir\/<\/span><\/a><\/p>\n<p><a href=\"https:\/\/www.zsnovarole.cz\/wp-content\/uploads\/2022\/09\/Bara-a-Lazansky.jpg\"><img decoding=\"async\" loading=\"lazy\" class=\"alignnone size-thumbnail wp-image-5413\" src=\"https:\/\/www.zsnovarole.cz\/wp-content\/uploads\/2022\/09\/Bara-a-Lazansky-150x150.jpg\" alt=\"\" width=\"150\" height=\"150\" srcset=\"https:\/\/www.zsnovarole.cz\/wp-content\/uploads\/2022\/09\/Bara-a-Lazansky-150x150.jpg 150w, https:\/\/www.zsnovarole.cz\/wp-content\/uploads\/2022\/09\/Bara-a-Lazansky-90x90.jpg 90w, https:\/\/www.zsnovarole.cz\/wp-content\/uploads\/2022\/09\/Bara-a-Lazansky-75x75.jpg 75w\" sizes=\"(max-width: 150px) 100vw, 150px\" \/><\/a> <a href=\"https:\/\/www.zsnovarole.cz\/wp-content\/uploads\/2022\/09\/Bara-Natka-Jehlik.jpg\"><img decoding=\"async\" loading=\"lazy\" class=\"alignnone size-thumbnail wp-image-5414\" src=\"https:\/\/www.zsnovarole.cz\/wp-content\/uploads\/2022\/09\/Bara-Natka-Jehlik-150x150.jpg\" alt=\"\" width=\"150\" height=\"150\" srcset=\"https:\/\/www.zsnovarole.cz\/wp-content\/uploads\/2022\/09\/Bara-Natka-Jehlik-150x150.jpg 150w, https:\/\/www.zsnovarole.cz\/wp-content\/uploads\/2022\/09\/Bara-Natka-Jehlik-90x90.jpg 90w, https:\/\/www.zsnovarole.cz\/wp-content\/uploads\/2022\/09\/Bara-Natka-Jehlik-75x75.jpg 75w\" sizes=\"(max-width: 150px) 100vw, 150px\" \/><\/a><\/p>\n","protected":false},"excerpt":{"rendered":"<p>Dokumentaristika jako \u0161koln\u00ed projekt Ve \u0161koln\u00edm roce 2021\/22 se na\u0161e \u0161kola op\u011bt zapojila do celorepublikov\u00e9ho projektu P\u0159\u00edb\u011bhy na\u0161ich soused\u016f organizace Post Bellum, v n\u011bm\u017e doch\u00e1z\u00ed k setk\u00e1v\u00e1n\u00ed generac\u00ed a p\u0159ed\u00e1v\u00e1n\u00ed zku\u0161enost\u00ed star\u0161\u00edch mlad\u0161\u00edm. V p\u0159ede\u0161l\u00fdch dvou letech byla na\u0161imi pam\u011btn\u00edky generace, kter\u00e1 sv\u00e9 d\u011btstv\u00ed pro\u017eila v pov\u00e1le\u010dn\u00e9m \u010deskoslovensk\u00e9m pohrani\u010d\u00ed. V ro\u010dn\u00edku leto\u0161n\u00edm na\u0161e \u017e\u00e1kyn\u011b Barbora H\u00f6flerov\u00e1 vedla rozhovor s majitelem<\/p>\n","protected":false},"author":2,"featured_media":0,"comment_status":"closed","ping_status":"closed","sticky":false,"template":"","format":"standard","meta":[],"categories":[1],"tags":[],"jetpack_featured_media_url":"","_links":{"self":[{"href":"https:\/\/www.zsnovarole.cz\/index.php?rest_route=\/wp\/v2\/posts\/5412"}],"collection":[{"href":"https:\/\/www.zsnovarole.cz\/index.php?rest_route=\/wp\/v2\/posts"}],"about":[{"href":"https:\/\/www.zsnovarole.cz\/index.php?rest_route=\/wp\/v2\/types\/post"}],"author":[{"embeddable":true,"href":"https:\/\/www.zsnovarole.cz\/index.php?rest_route=\/wp\/v2\/users\/2"}],"replies":[{"embeddable":true,"href":"https:\/\/www.zsnovarole.cz\/index.php?rest_route=%2Fwp%2Fv2%2Fcomments&post=5412"}],"version-history":[{"count":1,"href":"https:\/\/www.zsnovarole.cz\/index.php?rest_route=\/wp\/v2\/posts\/5412\/revisions"}],"predecessor-version":[{"id":5415,"href":"https:\/\/www.zsnovarole.cz\/index.php?rest_route=\/wp\/v2\/posts\/5412\/revisions\/5415"}],"wp:attachment":[{"href":"https:\/\/www.zsnovarole.cz\/index.php?rest_route=%2Fwp%2Fv2%2Fmedia&parent=5412"}],"wp:term":[{"taxonomy":"category","embeddable":true,"href":"https:\/\/www.zsnovarole.cz\/index.php?rest_route=%2Fwp%2Fv2%2Fcategories&post=5412"},{"taxonomy":"post_tag","embeddable":true,"href":"https:\/\/www.zsnovarole.cz\/index.php?rest_route=%2Fwp%2Fv2%2Ftags&post=5412"}],"curies":[{"name":"wp","href":"https:\/\/api.w.org\/{rel}","templated":true}]}}