{"id":5515,"date":"2022-10-17T08:55:01","date_gmt":"2022-10-17T06:55:01","guid":{"rendered":"https:\/\/www.zsnovarole.cz\/?p=5515"},"modified":"2022-10-17T09:18:11","modified_gmt":"2022-10-17T07:18:11","slug":"skola-za-cisare-frantiska-josefa-v-klastere-tepla","status":"publish","type":"post","link":"https:\/\/www.zsnovarole.cz\/?p=5515","title":{"rendered":"&#8222;\u0160kola za c\u00edsa\u0159e Franti\u0161ka\u00a0Josefa&#8220;\u00a0 v kl\u00e1\u0161te\u0159e Tepl\u00e1"},"content":{"rendered":"<div>V p\u00e1tek 14. 10. 2022 se \u017e\u00e1ci 5.A a 5. B z\u00fa\u010dastnili programu &#8222;\u0160kola za c\u00edsa\u0159e Franti\u0161ka\u00a0Josefa&#8220;\u00a0 v kl\u00e1\u0161te\u0159e Tepl\u00e1.<\/div>\n<div>Pro\u017eili jsme, jak mohlo vypadat vyu\u010dov\u00e1n\u00ed p\u0159ed 150 lety. M\u011bli jsme v\u00fduku n\u00e1bo\u017eenstv\u00ed (prohl\u00eddka kostela s otcem August\u00fdnem), hodinu psan\u00ed &#8211; na b\u0159idlicov\u00e9 tabulky , sva\u010dinu \/ chleba se s\u00e1dlem nebo s povidly),hodinu matematiky(\u0159e\u0161ili jsme p\u0159\u00edklady v kop\u00e1ch a tuctech) a hodinu \u010dten\u00ed (ver\u0161ovan\u00fd p\u0159\u00edb\u011bh Marbul\u00ednek ve \u0161kol). V\u0161ichni se shodli, \u017ee i dnes by se n\u00e1m v takov\u00e9 \u0161kole l\u00edbilo.<\/div>\n<div><\/div>\n<div><a href=\"https:\/\/www.zsnovarole.cz\/wp-content\/uploads\/2022\/10\/Klaster-Tepla-1-scaled.jpg\"><img decoding=\"async\" loading=\"lazy\" class=\"alignnone size-thumbnail wp-image-5516\" src=\"https:\/\/www.zsnovarole.cz\/wp-content\/uploads\/2022\/10\/Klaster-Tepla-1-150x150.jpg\" alt=\"\" width=\"150\" height=\"150\" srcset=\"https:\/\/www.zsnovarole.cz\/wp-content\/uploads\/2022\/10\/Klaster-Tepla-1-150x150.jpg 150w, https:\/\/www.zsnovarole.cz\/wp-content\/uploads\/2022\/10\/Klaster-Tepla-1-90x90.jpg 90w, https:\/\/www.zsnovarole.cz\/wp-content\/uploads\/2022\/10\/Klaster-Tepla-1-75x75.jpg 75w\" sizes=\"(max-width: 150px) 100vw, 150px\" \/><\/a> <a href=\"https:\/\/www.zsnovarole.cz\/wp-content\/uploads\/2022\/10\/Klaster-Tepla-2-scaled.jpg\"><img decoding=\"async\" loading=\"lazy\" class=\"alignnone size-thumbnail wp-image-5517\" src=\"https:\/\/www.zsnovarole.cz\/wp-content\/uploads\/2022\/10\/Klaster-Tepla-2-150x150.jpg\" alt=\"\" width=\"150\" height=\"150\" srcset=\"https:\/\/www.zsnovarole.cz\/wp-content\/uploads\/2022\/10\/Klaster-Tepla-2-150x150.jpg 150w, https:\/\/www.zsnovarole.cz\/wp-content\/uploads\/2022\/10\/Klaster-Tepla-2-90x90.jpg 90w, https:\/\/www.zsnovarole.cz\/wp-content\/uploads\/2022\/10\/Klaster-Tepla-2-75x75.jpg 75w\" sizes=\"(max-width: 150px) 100vw, 150px\" \/><\/a> <a href=\"https:\/\/www.zsnovarole.cz\/wp-content\/uploads\/2022\/10\/Klaster-Tepla-3-scaled.jpg\"><img decoding=\"async\" loading=\"lazy\" class=\"alignnone size-thumbnail wp-image-5518\" src=\"https:\/\/www.zsnovarole.cz\/wp-content\/uploads\/2022\/10\/Klaster-Tepla-3-150x150.jpg\" alt=\"\" width=\"150\" height=\"150\" srcset=\"https:\/\/www.zsnovarole.cz\/wp-content\/uploads\/2022\/10\/Klaster-Tepla-3-150x150.jpg 150w, https:\/\/www.zsnovarole.cz\/wp-content\/uploads\/2022\/10\/Klaster-Tepla-3-90x90.jpg 90w, https:\/\/www.zsnovarole.cz\/wp-content\/uploads\/2022\/10\/Klaster-Tepla-3-75x75.jpg 75w\" sizes=\"(max-width: 150px) 100vw, 150px\" \/><\/a> <a href=\"https:\/\/www.zsnovarole.cz\/wp-content\/uploads\/2022\/10\/Klaster-Tepla-scaled.jpg\"><img decoding=\"async\" loading=\"lazy\" class=\"alignnone size-thumbnail wp-image-5519\" src=\"https:\/\/www.zsnovarole.cz\/wp-content\/uploads\/2022\/10\/Klaster-Tepla-150x150.jpg\" alt=\"\" width=\"150\" height=\"150\" srcset=\"https:\/\/www.zsnovarole.cz\/wp-content\/uploads\/2022\/10\/Klaster-Tepla-150x150.jpg 150w, https:\/\/www.zsnovarole.cz\/wp-content\/uploads\/2022\/10\/Klaster-Tepla-90x90.jpg 90w, https:\/\/www.zsnovarole.cz\/wp-content\/uploads\/2022\/10\/Klaster-Tepla-75x75.jpg 75w\" sizes=\"(max-width: 150px) 100vw, 150px\" \/><\/a><\/div>\n<div><\/div>\n","protected":false},"excerpt":{"rendered":"<p>V p\u00e1tek 14. 10. 2022 se \u017e\u00e1ci 5.A a 5. B z\u00fa\u010dastnili programu &#8222;\u0160kola za c\u00edsa\u0159e Franti\u0161ka\u00a0Josefa&#8220;\u00a0 v kl\u00e1\u0161te\u0159e Tepl\u00e1. Pro\u017eili jsme, jak mohlo vypadat vyu\u010dov\u00e1n\u00ed p\u0159ed 150 lety. M\u011bli jsme v\u00fduku n\u00e1bo\u017eenstv\u00ed (prohl\u00eddka kostela s otcem August\u00fdnem), hodinu psan\u00ed &#8211; na b\u0159idlicov\u00e9 tabulky , sva\u010dinu \/ chleba se s\u00e1dlem nebo s povidly),hodinu matematiky(\u0159e\u0161ili jsme p\u0159\u00edklady v kop\u00e1ch a tuctech)<\/p>\n","protected":false},"author":2,"featured_media":0,"comment_status":"closed","ping_status":"closed","sticky":false,"template":"","format":"standard","meta":[],"categories":[1],"tags":[],"jetpack_featured_media_url":"","_links":{"self":[{"href":"https:\/\/www.zsnovarole.cz\/index.php?rest_route=\/wp\/v2\/posts\/5515"}],"collection":[{"href":"https:\/\/www.zsnovarole.cz\/index.php?rest_route=\/wp\/v2\/posts"}],"about":[{"href":"https:\/\/www.zsnovarole.cz\/index.php?rest_route=\/wp\/v2\/types\/post"}],"author":[{"embeddable":true,"href":"https:\/\/www.zsnovarole.cz\/index.php?rest_route=\/wp\/v2\/users\/2"}],"replies":[{"embeddable":true,"href":"https:\/\/www.zsnovarole.cz\/index.php?rest_route=%2Fwp%2Fv2%2Fcomments&post=5515"}],"version-history":[{"count":3,"href":"https:\/\/www.zsnovarole.cz\/index.php?rest_route=\/wp\/v2\/posts\/5515\/revisions"}],"predecessor-version":[{"id":5522,"href":"https:\/\/www.zsnovarole.cz\/index.php?rest_route=\/wp\/v2\/posts\/5515\/revisions\/5522"}],"wp:attachment":[{"href":"https:\/\/www.zsnovarole.cz\/index.php?rest_route=%2Fwp%2Fv2%2Fmedia&parent=5515"}],"wp:term":[{"taxonomy":"category","embeddable":true,"href":"https:\/\/www.zsnovarole.cz\/index.php?rest_route=%2Fwp%2Fv2%2Fcategories&post=5515"},{"taxonomy":"post_tag","embeddable":true,"href":"https:\/\/www.zsnovarole.cz\/index.php?rest_route=%2Fwp%2Fv2%2Ftags&post=5515"}],"curies":[{"name":"wp","href":"https:\/\/api.w.org\/{rel}","templated":true}]}}