{"id":5927,"date":"2023-03-31T14:45:15","date_gmt":"2023-03-31T12:45:15","guid":{"rendered":"https:\/\/www.zsnovarole.cz\/?p=5927"},"modified":"2023-03-31T14:45:15","modified_gmt":"2023-03-31T12:45:15","slug":"brusleni-zaku-7-a-a-8-a","status":"publish","type":"post","link":"https:\/\/www.zsnovarole.cz\/?p=5927","title":{"rendered":"Bruslen\u00ed \u017e\u00e1k\u016f 7.A a 8.A"},"content":{"rendered":"<p>V\u00a0\u00fater\u00fd 14.3. se vypravili spole\u010dn\u011b \u017e\u00e1ci 7.A a 8.A na bruslen\u00ed na zimn\u00ed stadion v\u00a0Ostrov\u011b. Dopoledne jsme bruslili. P\u0159ed odjezdem zp\u011bt dom\u016f jsme je\u0161t\u011b str\u00e1vili p\u0159\u00edjemn\u00fd \u010das na n\u00e1m\u011bst\u00ed v\u00a0Ostrov\u011b. T\u011b\u0161\u00edme se, \u017ee toto bruslen\u00ed nebylo posledn\u00ed, \u017ee m\u016f\u017eeme jezdit bruslit a\u017e do konce dubna, kdy zimn\u00ed stadion tuto mo\u017enost nab\u00edz\u00ed.<\/p>\n<p><a href=\"https:\/\/www.zsnovarole.cz\/wp-content\/uploads\/2023\/03\/1679567394206-scaled.jpg\"><img decoding=\"async\" loading=\"lazy\" class=\"alignnone size-medium wp-image-5928\" src=\"https:\/\/www.zsnovarole.cz\/wp-content\/uploads\/2023\/03\/1679567394206-225x300.jpg\" alt=\"\" width=\"225\" height=\"300\" srcset=\"https:\/\/www.zsnovarole.cz\/wp-content\/uploads\/2023\/03\/1679567394206-225x300.jpg 225w, https:\/\/www.zsnovarole.cz\/wp-content\/uploads\/2023\/03\/1679567394206-769x1024.jpg 769w, https:\/\/www.zsnovarole.cz\/wp-content\/uploads\/2023\/03\/1679567394206-768x1022.jpg 768w, https:\/\/www.zsnovarole.cz\/wp-content\/uploads\/2023\/03\/1679567394206-1154x1536.jpg 1154w, https:\/\/www.zsnovarole.cz\/wp-content\/uploads\/2023\/03\/1679567394206-1538x2048.jpg 1538w, https:\/\/www.zsnovarole.cz\/wp-content\/uploads\/2023\/03\/1679567394206-scaled.jpg 1923w\" sizes=\"(max-width: 225px) 100vw, 225px\" \/><\/a><\/p>\n","protected":false},"excerpt":{"rendered":"<p>V\u00a0\u00fater\u00fd 14.3. se vypravili spole\u010dn\u011b \u017e\u00e1ci 7.A a 8.A na bruslen\u00ed na zimn\u00ed stadion v\u00a0Ostrov\u011b. Dopoledne jsme bruslili. P\u0159ed odjezdem zp\u011bt dom\u016f jsme je\u0161t\u011b str\u00e1vili p\u0159\u00edjemn\u00fd \u010das na n\u00e1m\u011bst\u00ed v\u00a0Ostrov\u011b. T\u011b\u0161\u00edme se, \u017ee toto bruslen\u00ed nebylo posledn\u00ed, \u017ee m\u016f\u017eeme jezdit bruslit a\u017e do konce dubna, kdy zimn\u00ed stadion tuto mo\u017enost nab\u00edz\u00ed.<\/p>\n","protected":false},"author":2,"featured_media":0,"comment_status":"closed","ping_status":"closed","sticky":false,"template":"","format":"standard","meta":[],"categories":[1],"tags":[],"jetpack_featured_media_url":"","_links":{"self":[{"href":"https:\/\/www.zsnovarole.cz\/index.php?rest_route=\/wp\/v2\/posts\/5927"}],"collection":[{"href":"https:\/\/www.zsnovarole.cz\/index.php?rest_route=\/wp\/v2\/posts"}],"about":[{"href":"https:\/\/www.zsnovarole.cz\/index.php?rest_route=\/wp\/v2\/types\/post"}],"author":[{"embeddable":true,"href":"https:\/\/www.zsnovarole.cz\/index.php?rest_route=\/wp\/v2\/users\/2"}],"replies":[{"embeddable":true,"href":"https:\/\/www.zsnovarole.cz\/index.php?rest_route=%2Fwp%2Fv2%2Fcomments&post=5927"}],"version-history":[{"count":1,"href":"https:\/\/www.zsnovarole.cz\/index.php?rest_route=\/wp\/v2\/posts\/5927\/revisions"}],"predecessor-version":[{"id":5929,"href":"https:\/\/www.zsnovarole.cz\/index.php?rest_route=\/wp\/v2\/posts\/5927\/revisions\/5929"}],"wp:attachment":[{"href":"https:\/\/www.zsnovarole.cz\/index.php?rest_route=%2Fwp%2Fv2%2Fmedia&parent=5927"}],"wp:term":[{"taxonomy":"category","embeddable":true,"href":"https:\/\/www.zsnovarole.cz\/index.php?rest_route=%2Fwp%2Fv2%2Fcategories&post=5927"},{"taxonomy":"post_tag","embeddable":true,"href":"https:\/\/www.zsnovarole.cz\/index.php?rest_route=%2Fwp%2Fv2%2Ftags&post=5927"}],"curies":[{"name":"wp","href":"https:\/\/api.w.org\/{rel}","templated":true}]}}