{"id":5950,"date":"2023-04-13T08:46:26","date_gmt":"2023-04-13T06:46:26","guid":{"rendered":"https:\/\/www.zsnovarole.cz\/?p=5950"},"modified":"2023-04-13T08:46:26","modified_gmt":"2023-04-13T06:46:26","slug":"kamaradi-v-nove-roli","status":"publish","type":"post","link":"https:\/\/www.zsnovarole.cz\/?p=5950","title":{"rendered":"Kamar\u00e1di v\u00a0Nov\u00e9 Roli"},"content":{"rendered":"<p><span style=\"font-weight: 400;\">4. dubna 2023 \u010dekalo \u017e\u00e1ky M\u0160 a 1. st. Z\u0160 p\u0159ekvapen\u00ed v\u00a0ZU\u0160. Komise pro kulturu a propagaci spolu s\u00a0komis\u00ed pro \u0161kolstv\u00ed a ml\u00e1de\u017e a veden\u00edm m\u011bsta p\u0159ipravily pro na\u0161e nejmen\u0161\u00ed jako d\u00e1rek k Velikonoc\u016fm divadeln\u00ed p\u0159edstaven\u00ed brn\u011bnsk\u00e9ho divadla Kamar\u00e1di. Dvojice herc\u016f zahr\u00e1la d\u011btem 2 poh\u00e1dky. V\u00a0poh\u00e1dce o\u00a0hodin\u00e1ch s\u00a0jednou ru\u010di\u010dkou p\u0159ivolali K\u0159em\u00edlek s\u00a0Vochom\u016frkou jaro a\u00a0s\u00a0n\u00edm i\u00a0Velikonoce. V\u00a0poetick\u00e9 poh\u00e1dce o\u00a0v\u00edle Kv\u011btunce zase vy\u0161lo najevo, pro\u010d velikono\u010dn\u00ed zaj\u00edci nos\u00ed vaj\u00ed\u010dka. V\u00a0t\u00e9to poh\u00e1dce si zahr\u00e1ly i p\u0159\u00edtomn\u00e9 d\u011bti. Z\u00a0reakce d\u011bt\u00ed i pan\u00ed u\u010ditelek bylo vid\u011bt, \u017ee se jim p\u0159edstaven\u00ed l\u00edbilo.<\/span><span style=\"font-weight: 400;\"><br \/>\n<\/span><\/p>\n<p><a href=\"https:\/\/www.zsnovarole.cz\/wp-content\/uploads\/2023\/04\/DSC06125-scaled.jpg\"><img decoding=\"async\" loading=\"lazy\" class=\"alignnone size-thumbnail wp-image-5951\" src=\"https:\/\/www.zsnovarole.cz\/wp-content\/uploads\/2023\/04\/DSC06125-150x150.jpg\" alt=\"\" width=\"150\" height=\"150\" srcset=\"https:\/\/www.zsnovarole.cz\/wp-content\/uploads\/2023\/04\/DSC06125-150x150.jpg 150w, https:\/\/www.zsnovarole.cz\/wp-content\/uploads\/2023\/04\/DSC06125-90x90.jpg 90w, https:\/\/www.zsnovarole.cz\/wp-content\/uploads\/2023\/04\/DSC06125-75x75.jpg 75w\" sizes=\"(max-width: 150px) 100vw, 150px\" \/><\/a> <a href=\"https:\/\/www.zsnovarole.cz\/wp-content\/uploads\/2023\/04\/DSC06123-scaled.jpg\"><img decoding=\"async\" loading=\"lazy\" class=\"alignnone size-thumbnail wp-image-5952\" src=\"https:\/\/www.zsnovarole.cz\/wp-content\/uploads\/2023\/04\/DSC06123-150x150.jpg\" alt=\"\" width=\"150\" height=\"150\" srcset=\"https:\/\/www.zsnovarole.cz\/wp-content\/uploads\/2023\/04\/DSC06123-150x150.jpg 150w, https:\/\/www.zsnovarole.cz\/wp-content\/uploads\/2023\/04\/DSC06123-90x90.jpg 90w, https:\/\/www.zsnovarole.cz\/wp-content\/uploads\/2023\/04\/DSC06123-75x75.jpg 75w\" sizes=\"(max-width: 150px) 100vw, 150px\" \/><\/a> <a href=\"https:\/\/www.zsnovarole.cz\/wp-content\/uploads\/2023\/04\/DSC06118-scaled.jpg\"><img decoding=\"async\" loading=\"lazy\" class=\"alignnone size-thumbnail wp-image-5953\" src=\"https:\/\/www.zsnovarole.cz\/wp-content\/uploads\/2023\/04\/DSC06118-150x150.jpg\" alt=\"\" width=\"150\" height=\"150\" srcset=\"https:\/\/www.zsnovarole.cz\/wp-content\/uploads\/2023\/04\/DSC06118-150x150.jpg 150w, https:\/\/www.zsnovarole.cz\/wp-content\/uploads\/2023\/04\/DSC06118-90x90.jpg 90w, https:\/\/www.zsnovarole.cz\/wp-content\/uploads\/2023\/04\/DSC06118-75x75.jpg 75w\" sizes=\"(max-width: 150px) 100vw, 150px\" \/><\/a><\/p>\n","protected":false},"excerpt":{"rendered":"<p>4. dubna 2023 \u010dekalo \u017e\u00e1ky M\u0160 a 1. st. Z\u0160 p\u0159ekvapen\u00ed v\u00a0ZU\u0160. Komise pro kulturu a propagaci spolu s\u00a0komis\u00ed pro \u0161kolstv\u00ed a ml\u00e1de\u017e a veden\u00edm m\u011bsta p\u0159ipravily pro na\u0161e nejmen\u0161\u00ed jako d\u00e1rek k Velikonoc\u016fm divadeln\u00ed p\u0159edstaven\u00ed brn\u011bnsk\u00e9ho divadla Kamar\u00e1di. Dvojice herc\u016f zahr\u00e1la d\u011btem 2 poh\u00e1dky. V\u00a0poh\u00e1dce o\u00a0hodin\u00e1ch s\u00a0jednou ru\u010di\u010dkou p\u0159ivolali K\u0159em\u00edlek s\u00a0Vochom\u016frkou jaro a\u00a0s\u00a0n\u00edm i\u00a0Velikonoce. V\u00a0poetick\u00e9 poh\u00e1dce o\u00a0v\u00edle Kv\u011btunce zase<\/p>\n","protected":false},"author":2,"featured_media":0,"comment_status":"closed","ping_status":"closed","sticky":false,"template":"","format":"standard","meta":[],"categories":[1],"tags":[],"jetpack_featured_media_url":"","_links":{"self":[{"href":"https:\/\/www.zsnovarole.cz\/index.php?rest_route=\/wp\/v2\/posts\/5950"}],"collection":[{"href":"https:\/\/www.zsnovarole.cz\/index.php?rest_route=\/wp\/v2\/posts"}],"about":[{"href":"https:\/\/www.zsnovarole.cz\/index.php?rest_route=\/wp\/v2\/types\/post"}],"author":[{"embeddable":true,"href":"https:\/\/www.zsnovarole.cz\/index.php?rest_route=\/wp\/v2\/users\/2"}],"replies":[{"embeddable":true,"href":"https:\/\/www.zsnovarole.cz\/index.php?rest_route=%2Fwp%2Fv2%2Fcomments&post=5950"}],"version-history":[{"count":1,"href":"https:\/\/www.zsnovarole.cz\/index.php?rest_route=\/wp\/v2\/posts\/5950\/revisions"}],"predecessor-version":[{"id":5954,"href":"https:\/\/www.zsnovarole.cz\/index.php?rest_route=\/wp\/v2\/posts\/5950\/revisions\/5954"}],"wp:attachment":[{"href":"https:\/\/www.zsnovarole.cz\/index.php?rest_route=%2Fwp%2Fv2%2Fmedia&parent=5950"}],"wp:term":[{"taxonomy":"category","embeddable":true,"href":"https:\/\/www.zsnovarole.cz\/index.php?rest_route=%2Fwp%2Fv2%2Fcategories&post=5950"},{"taxonomy":"post_tag","embeddable":true,"href":"https:\/\/www.zsnovarole.cz\/index.php?rest_route=%2Fwp%2Fv2%2Ftags&post=5950"}],"curies":[{"name":"wp","href":"https:\/\/api.w.org\/{rel}","templated":true}]}}