{"id":5994,"date":"2023-05-10T11:41:23","date_gmt":"2023-05-10T09:41:23","guid":{"rendered":"https:\/\/www.zsnovarole.cz\/?p=5994"},"modified":"2023-05-10T11:41:23","modified_gmt":"2023-05-10T09:41:23","slug":"carodejnice-ve-skole-2","status":"publish","type":"post","link":"https:\/\/www.zsnovarole.cz\/?p=5994","title":{"rendered":"\u010carod\u011bjnice ve \u0161kole"},"content":{"rendered":"<p><span style=\"font-weight: 400;\">I u n\u00e1s ve \u0161kole se to koncem dubna a za\u010d\u00e1tkem kv\u011btna hem\u017eilo \u010darod\u011bjnicemi. D\u011bti v\u017edy p\u0159iv\u00edtaj\u00ed, kdy\u017e se z\u00a0nich mohou st\u00e1t v\u00a0r\u00e1mci tematick\u00e9 v\u00fduky r\u016fzn\u00e9 p\u0159\u00ed\u0161erky, \u010darod\u011bjnice \u010di jin\u00e9 obl\u00edben\u00e9 postavi\u010dky. A tak se radovali i \u017e\u00e1ci z\u00a02. A, kte\u0159\u00ed se inspirovali Harry Potterem a Saxanou, zvl\u00e1dli v\u00fduku v\u00a0Bradavic\u00edch a d\u00edky sv\u00fdm schopnostem na\u0161li i zaklet\u00fd poklad. A jak jim to slu\u0161elo vid\u00edte na \u010darod\u011bjnick\u00e9m tablu.<\/span><\/p>\n<p><a href=\"https:\/\/www.zsnovarole.cz\/wp-content\/uploads\/2023\/05\/2.-A-carodejnice.jpg\"><img decoding=\"async\" loading=\"lazy\" class=\"alignnone size-thumbnail wp-image-5995\" src=\"https:\/\/www.zsnovarole.cz\/wp-content\/uploads\/2023\/05\/2.-A-carodejnice-150x150.jpg\" alt=\"\" width=\"150\" height=\"150\" srcset=\"https:\/\/www.zsnovarole.cz\/wp-content\/uploads\/2023\/05\/2.-A-carodejnice-150x150.jpg 150w, https:\/\/www.zsnovarole.cz\/wp-content\/uploads\/2023\/05\/2.-A-carodejnice-90x90.jpg 90w, https:\/\/www.zsnovarole.cz\/wp-content\/uploads\/2023\/05\/2.-A-carodejnice-75x75.jpg 75w\" sizes=\"(max-width: 150px) 100vw, 150px\" \/><\/a><\/p>\n","protected":false},"excerpt":{"rendered":"<p>I u n\u00e1s ve \u0161kole se to koncem dubna a za\u010d\u00e1tkem kv\u011btna hem\u017eilo \u010darod\u011bjnicemi. D\u011bti v\u017edy p\u0159iv\u00edtaj\u00ed, kdy\u017e se z\u00a0nich mohou st\u00e1t v\u00a0r\u00e1mci tematick\u00e9 v\u00fduky r\u016fzn\u00e9 p\u0159\u00ed\u0161erky, \u010darod\u011bjnice \u010di jin\u00e9 obl\u00edben\u00e9 postavi\u010dky. A tak se radovali i \u017e\u00e1ci z\u00a02. A, kte\u0159\u00ed se inspirovali Harry Potterem a Saxanou, zvl\u00e1dli v\u00fduku v\u00a0Bradavic\u00edch a d\u00edky sv\u00fdm schopnostem na\u0161li i zaklet\u00fd poklad. A jak<\/p>\n","protected":false},"author":2,"featured_media":0,"comment_status":"closed","ping_status":"closed","sticky":false,"template":"","format":"standard","meta":[],"categories":[1],"tags":[],"jetpack_featured_media_url":"","_links":{"self":[{"href":"https:\/\/www.zsnovarole.cz\/index.php?rest_route=\/wp\/v2\/posts\/5994"}],"collection":[{"href":"https:\/\/www.zsnovarole.cz\/index.php?rest_route=\/wp\/v2\/posts"}],"about":[{"href":"https:\/\/www.zsnovarole.cz\/index.php?rest_route=\/wp\/v2\/types\/post"}],"author":[{"embeddable":true,"href":"https:\/\/www.zsnovarole.cz\/index.php?rest_route=\/wp\/v2\/users\/2"}],"replies":[{"embeddable":true,"href":"https:\/\/www.zsnovarole.cz\/index.php?rest_route=%2Fwp%2Fv2%2Fcomments&post=5994"}],"version-history":[{"count":1,"href":"https:\/\/www.zsnovarole.cz\/index.php?rest_route=\/wp\/v2\/posts\/5994\/revisions"}],"predecessor-version":[{"id":5996,"href":"https:\/\/www.zsnovarole.cz\/index.php?rest_route=\/wp\/v2\/posts\/5994\/revisions\/5996"}],"wp:attachment":[{"href":"https:\/\/www.zsnovarole.cz\/index.php?rest_route=%2Fwp%2Fv2%2Fmedia&parent=5994"}],"wp:term":[{"taxonomy":"category","embeddable":true,"href":"https:\/\/www.zsnovarole.cz\/index.php?rest_route=%2Fwp%2Fv2%2Fcategories&post=5994"},{"taxonomy":"post_tag","embeddable":true,"href":"https:\/\/www.zsnovarole.cz\/index.php?rest_route=%2Fwp%2Fv2%2Ftags&post=5994"}],"curies":[{"name":"wp","href":"https:\/\/api.w.org\/{rel}","templated":true}]}}