{"id":6003,"date":"2023-05-12T11:50:04","date_gmt":"2023-05-12T09:50:04","guid":{"rendered":"https:\/\/www.zsnovarole.cz\/?p=6003"},"modified":"2023-05-12T11:50:04","modified_gmt":"2023-05-12T09:50:04","slug":"lesni-pedagogika-v-doupovskych-horach","status":"publish","type":"post","link":"https:\/\/www.zsnovarole.cz\/?p=6003","title":{"rendered":"Lesn\u00ed pedagogika v Doupovsk\u00fdch hor\u00e1ch"},"content":{"rendered":"<p><span style=\"font-weight: 400;\">P\u0159\u00edroda v okol\u00ed osady Bukovina, p\u0159\u00edjemn\u00e9 lektorky (Vojensk\u00e9 lesy \u010cR a nadace D\u0159evo pro \u017eivot), informace a praktick\u00e9 rady z oblasti v\u00fdsadby strom\u016f, v\u00fdchovy lesn\u00edch porost\u016f, t\u011b\u017eby d\u0159eva, fajn parta dev\u00e1\u0165\u00e1k\u016f, vyda\u0159en\u00e9 po\u010das\u00ed, dobr\u00e1 n\u00e1lada. Takto se d\u00e1 shrnout \u0161koln\u00ed akce, na kter\u00e9 \u017e\u00e1c\u00ed 9. A a 9. B sv\u00fdm vystupov\u00e1n\u00edm a chov\u00e1n\u00edm op\u011bt v\u00fdborn\u011b reprezentovali na\u0161i \u0161kolu.<\/span><\/p>\n<p><a href=\"https:\/\/www.zsnovarole.cz\/wp-content\/uploads\/2023\/05\/10.5.2023-scaled.jpg\"><img decoding=\"async\" loading=\"lazy\" class=\"alignnone size-thumbnail wp-image-6004\" src=\"https:\/\/www.zsnovarole.cz\/wp-content\/uploads\/2023\/05\/10.5.2023-150x150.jpg\" alt=\"\" width=\"150\" height=\"150\" srcset=\"https:\/\/www.zsnovarole.cz\/wp-content\/uploads\/2023\/05\/10.5.2023-150x150.jpg 150w, https:\/\/www.zsnovarole.cz\/wp-content\/uploads\/2023\/05\/10.5.2023-90x90.jpg 90w, https:\/\/www.zsnovarole.cz\/wp-content\/uploads\/2023\/05\/10.5.2023-75x75.jpg 75w\" sizes=\"(max-width: 150px) 100vw, 150px\" \/><\/a><\/p>\n","protected":false},"excerpt":{"rendered":"<p>P\u0159\u00edroda v okol\u00ed osady Bukovina, p\u0159\u00edjemn\u00e9 lektorky (Vojensk\u00e9 lesy \u010cR a nadace D\u0159evo pro \u017eivot), informace a praktick\u00e9 rady z oblasti v\u00fdsadby strom\u016f, v\u00fdchovy lesn\u00edch porost\u016f, t\u011b\u017eby d\u0159eva, fajn parta dev\u00e1\u0165\u00e1k\u016f, vyda\u0159en\u00e9 po\u010das\u00ed, dobr\u00e1 n\u00e1lada. Takto se d\u00e1 shrnout \u0161koln\u00ed akce, na kter\u00e9 \u017e\u00e1c\u00ed 9. A a 9. B sv\u00fdm vystupov\u00e1n\u00edm a chov\u00e1n\u00edm op\u011bt v\u00fdborn\u011b reprezentovali na\u0161i \u0161kolu.<\/p>\n","protected":false},"author":2,"featured_media":0,"comment_status":"closed","ping_status":"closed","sticky":false,"template":"","format":"standard","meta":[],"categories":[1],"tags":[],"jetpack_featured_media_url":"","_links":{"self":[{"href":"https:\/\/www.zsnovarole.cz\/index.php?rest_route=\/wp\/v2\/posts\/6003"}],"collection":[{"href":"https:\/\/www.zsnovarole.cz\/index.php?rest_route=\/wp\/v2\/posts"}],"about":[{"href":"https:\/\/www.zsnovarole.cz\/index.php?rest_route=\/wp\/v2\/types\/post"}],"author":[{"embeddable":true,"href":"https:\/\/www.zsnovarole.cz\/index.php?rest_route=\/wp\/v2\/users\/2"}],"replies":[{"embeddable":true,"href":"https:\/\/www.zsnovarole.cz\/index.php?rest_route=%2Fwp%2Fv2%2Fcomments&post=6003"}],"version-history":[{"count":1,"href":"https:\/\/www.zsnovarole.cz\/index.php?rest_route=\/wp\/v2\/posts\/6003\/revisions"}],"predecessor-version":[{"id":6005,"href":"https:\/\/www.zsnovarole.cz\/index.php?rest_route=\/wp\/v2\/posts\/6003\/revisions\/6005"}],"wp:attachment":[{"href":"https:\/\/www.zsnovarole.cz\/index.php?rest_route=%2Fwp%2Fv2%2Fmedia&parent=6003"}],"wp:term":[{"taxonomy":"category","embeddable":true,"href":"https:\/\/www.zsnovarole.cz\/index.php?rest_route=%2Fwp%2Fv2%2Fcategories&post=6003"},{"taxonomy":"post_tag","embeddable":true,"href":"https:\/\/www.zsnovarole.cz\/index.php?rest_route=%2Fwp%2Fv2%2Ftags&post=6003"}],"curies":[{"name":"wp","href":"https:\/\/api.w.org\/{rel}","templated":true}]}}