{"id":6092,"date":"2023-05-29T12:14:58","date_gmt":"2023-05-29T10:14:58","guid":{"rendered":"https:\/\/www.zsnovarole.cz\/?p=6092"},"modified":"2023-05-29T12:14:58","modified_gmt":"2023-05-29T10:14:58","slug":"spani-na-hornim-hrade","status":"publish","type":"post","link":"https:\/\/www.zsnovarole.cz\/?p=6092","title":{"rendered":"Span\u00ed na Horn\u00edm hrad\u011b"},"content":{"rendered":"<div>Z p\u00e1tku 26. 5. na sobotu 27. 5. se \u017e\u00e1ci 5.A spole\u010dn\u011b s 5.B vypravili na Horn\u00ed Hrad s c\u00edlem p\u0159esp\u00e1n\u00ed na hrad\u011b. Proto si ka\u017ed\u00fd nesl v\u0161echny v\u011bci na p\u0159esp\u00e1n\u00ed v batohu. Po\u00a0 nam\u00e1hav\u00e9 cest\u011b do kopce jsme dorazili na hrad.<\/div>\n<div>Byli jsme ubytov\u00e1ni spole\u010dn\u011b v p\u016fdn\u00ed lo\u017enici. Potom jsme si s pr\u016fvodcem\u00a0prohl\u00e9dli hrad, botanickou\u00a0zahradu a arboretum. Po ve\u010de\u0159i se n\u011bkte\u0159\u00ed state\u010dn\u011b svezli po lanovce a vyzkou\u0161eli no\u010dn\u00ed hru.<\/div>\n<div>R\u00e1no po sn\u00eddani jsme se vydali na cestu dom\u016f. Po\u010das\u00ed n\u00e1m p\u0159\u00e1lo &#8211; v\u00fdlet se vyda\u0159il a v\u0161em se moc l\u00edbil.<\/div>\n<div>Zvl\u00e1\u0161tn\u00ed pod\u011bkov\u00e1n\u00ed pat\u0159\u00ed pan\u00ed K. Markov\u00e9 za odvoz proviantu k sn\u00eddani.<\/div>\n<div><a href=\"https:\/\/www.zsnovarole.cz\/wp-content\/uploads\/2023\/05\/Nocni-hra-scaled.jpg\"><img decoding=\"async\" loading=\"lazy\" class=\"alignnone size-thumbnail wp-image-6093\" src=\"https:\/\/www.zsnovarole.cz\/wp-content\/uploads\/2023\/05\/Nocni-hra-150x150.jpg\" alt=\"\" width=\"150\" height=\"150\" srcset=\"https:\/\/www.zsnovarole.cz\/wp-content\/uploads\/2023\/05\/Nocni-hra-150x150.jpg 150w, https:\/\/www.zsnovarole.cz\/wp-content\/uploads\/2023\/05\/Nocni-hra-90x90.jpg 90w, https:\/\/www.zsnovarole.cz\/wp-content\/uploads\/2023\/05\/Nocni-hra-75x75.jpg 75w\" sizes=\"(max-width: 150px) 100vw, 150px\" \/><\/a> <a href=\"https:\/\/www.zsnovarole.cz\/wp-content\/uploads\/2023\/05\/Prohlidka-hradu-2-scaled.jpg\"><img decoding=\"async\" loading=\"lazy\" class=\"alignnone size-thumbnail wp-image-6094\" src=\"https:\/\/www.zsnovarole.cz\/wp-content\/uploads\/2023\/05\/Prohlidka-hradu-2-150x150.jpg\" alt=\"\" width=\"150\" height=\"150\" srcset=\"https:\/\/www.zsnovarole.cz\/wp-content\/uploads\/2023\/05\/Prohlidka-hradu-2-150x150.jpg 150w, https:\/\/www.zsnovarole.cz\/wp-content\/uploads\/2023\/05\/Prohlidka-hradu-2-90x90.jpg 90w, https:\/\/www.zsnovarole.cz\/wp-content\/uploads\/2023\/05\/Prohlidka-hradu-2-75x75.jpg 75w\" sizes=\"(max-width: 150px) 100vw, 150px\" \/><\/a> <a href=\"https:\/\/www.zsnovarole.cz\/wp-content\/uploads\/2023\/05\/Prohlidka-hradu-scaled.jpg\"><img decoding=\"async\" loading=\"lazy\" class=\"alignnone size-thumbnail wp-image-6095\" src=\"https:\/\/www.zsnovarole.cz\/wp-content\/uploads\/2023\/05\/Prohlidka-hradu-150x150.jpg\" alt=\"\" width=\"150\" height=\"150\" srcset=\"https:\/\/www.zsnovarole.cz\/wp-content\/uploads\/2023\/05\/Prohlidka-hradu-150x150.jpg 150w, https:\/\/www.zsnovarole.cz\/wp-content\/uploads\/2023\/05\/Prohlidka-hradu-90x90.jpg 90w, https:\/\/www.zsnovarole.cz\/wp-content\/uploads\/2023\/05\/Prohlidka-hradu-75x75.jpg 75w\" sizes=\"(max-width: 150px) 100vw, 150px\" \/><\/a> <a href=\"https:\/\/www.zsnovarole.cz\/wp-content\/uploads\/2023\/05\/Spani-na-Hornim-Hrade-scaled.jpg\"><img decoding=\"async\" loading=\"lazy\" class=\"alignnone size-thumbnail wp-image-6096\" src=\"https:\/\/www.zsnovarole.cz\/wp-content\/uploads\/2023\/05\/Spani-na-Hornim-Hrade-150x150.jpg\" alt=\"\" width=\"150\" height=\"150\" srcset=\"https:\/\/www.zsnovarole.cz\/wp-content\/uploads\/2023\/05\/Spani-na-Hornim-Hrade-150x150.jpg 150w, https:\/\/www.zsnovarole.cz\/wp-content\/uploads\/2023\/05\/Spani-na-Hornim-Hrade-90x90.jpg 90w, https:\/\/www.zsnovarole.cz\/wp-content\/uploads\/2023\/05\/Spani-na-Hornim-Hrade-75x75.jpg 75w\" sizes=\"(max-width: 150px) 100vw, 150px\" \/><\/a><\/div>\n<div><\/div>\n","protected":false},"excerpt":{"rendered":"<p>Z p\u00e1tku 26. 5. na sobotu 27. 5. se \u017e\u00e1ci 5.A spole\u010dn\u011b s 5.B vypravili na Horn\u00ed Hrad s c\u00edlem p\u0159esp\u00e1n\u00ed na hrad\u011b. Proto si ka\u017ed\u00fd nesl v\u0161echny v\u011bci na p\u0159esp\u00e1n\u00ed v batohu. Po\u00a0 nam\u00e1hav\u00e9 cest\u011b do kopce jsme dorazili na hrad. Byli jsme ubytov\u00e1ni spole\u010dn\u011b v p\u016fdn\u00ed lo\u017enici. Potom jsme si s pr\u016fvodcem\u00a0prohl\u00e9dli hrad, botanickou\u00a0zahradu a arboretum. Po ve\u010de\u0159i<\/p>\n","protected":false},"author":2,"featured_media":0,"comment_status":"closed","ping_status":"closed","sticky":false,"template":"","format":"standard","meta":[],"categories":[1],"tags":[],"jetpack_featured_media_url":"","_links":{"self":[{"href":"https:\/\/www.zsnovarole.cz\/index.php?rest_route=\/wp\/v2\/posts\/6092"}],"collection":[{"href":"https:\/\/www.zsnovarole.cz\/index.php?rest_route=\/wp\/v2\/posts"}],"about":[{"href":"https:\/\/www.zsnovarole.cz\/index.php?rest_route=\/wp\/v2\/types\/post"}],"author":[{"embeddable":true,"href":"https:\/\/www.zsnovarole.cz\/index.php?rest_route=\/wp\/v2\/users\/2"}],"replies":[{"embeddable":true,"href":"https:\/\/www.zsnovarole.cz\/index.php?rest_route=%2Fwp%2Fv2%2Fcomments&post=6092"}],"version-history":[{"count":1,"href":"https:\/\/www.zsnovarole.cz\/index.php?rest_route=\/wp\/v2\/posts\/6092\/revisions"}],"predecessor-version":[{"id":6097,"href":"https:\/\/www.zsnovarole.cz\/index.php?rest_route=\/wp\/v2\/posts\/6092\/revisions\/6097"}],"wp:attachment":[{"href":"https:\/\/www.zsnovarole.cz\/index.php?rest_route=%2Fwp%2Fv2%2Fmedia&parent=6092"}],"wp:term":[{"taxonomy":"category","embeddable":true,"href":"https:\/\/www.zsnovarole.cz\/index.php?rest_route=%2Fwp%2Fv2%2Fcategories&post=6092"},{"taxonomy":"post_tag","embeddable":true,"href":"https:\/\/www.zsnovarole.cz\/index.php?rest_route=%2Fwp%2Fv2%2Ftags&post=6092"}],"curies":[{"name":"wp","href":"https:\/\/api.w.org\/{rel}","templated":true}]}}