{"id":6543,"date":"2023-12-12T11:39:53","date_gmt":"2023-12-12T10:39:53","guid":{"rendered":"https:\/\/www.zsnovarole.cz\/?p=6543"},"modified":"2023-12-12T17:26:32","modified_gmt":"2023-12-12T16:26:32","slug":"den-poezie-v-knihovne","status":"publish","type":"post","link":"https:\/\/www.zsnovarole.cz\/?p=6543","title":{"rendered":"Den poezie v knihovn\u011b"},"content":{"rendered":"<p><span style=\"font-weight: 400;\">Dne 16. listopadu jsme si s dru\u017einou p\u0159ipomn\u011bli ne \u00fapln\u011b zn\u00e1m\u00fd Den poezie, kter\u00fd vznikl na po\u010dest narozen\u00ed b\u00e1sn\u00edka K. H. M\u00e1chy. V tento den se ji\u017e p\u00e1r des\u00edtek let v mnoha m\u011bstech , zejm\u00e9na v knihovn\u00e1ch , kon\u00e1 festival poezie. I my jsme si cht\u011bli takov\u00fd den pro\u017e\u00edt , proto jsme oslovili pan\u00ed knihovnici Marcelu Tou\u017eimskou , kter\u00e1 v\u00fdzvu s radost\u00ed p\u0159ijala a p\u0159ipravila pro n\u00e1s odpoledne , kdy d\u011bti hledaly vhodn\u00e9 r\u00fdmy do b\u00e1sni\u010dek, musely se v rychlosti jednu b\u00e1sni\u010dku nau\u010dit aby ji posl\u00e9ze spr\u00e1vn\u011b poskl\u00e1daly a tak\u00e9 si vyzkou\u0161ely slo\u017eit kr\u00e1tkou r\u00fdmova\u010dku <\/span><span style=\"font-weight: 400;\">z p\u0159edem ur\u010den\u00fdch slov. My jsme za odm\u011bnu pan\u00ed knihovnici p\u0159ednesli b\u00e1sni\u010dku o na\u0161\u00ed dru\u017ein\u011b, kterou jsme slo\u017eili spole\u010dn\u00fdmi silami.\u00a0<\/span><\/p>\n<p><span style=\"font-weight: 400;\">D\u011bkujeme Marcelce za bezvadn\u00e9 odpoledne a douf\u00e1m , \u017ee jsme spole\u010dn\u00fdmi silami d\u011bti zase o kousek bl\u00ed\u017e p\u0159ibl\u00ed\u017eily ke knih\u00e1m.\u00a0<\/span><\/p>\n<p><span style=\"font-weight: 400;\">Iva Botkov\u00e1<\/span><\/p>\n<p><a href=\"https:\/\/www.zsnovarole.cz\/wp-content\/uploads\/2023\/12\/Snimek-obrazovky-2023-12-12-163647.png\"><img decoding=\"async\" loading=\"lazy\" class=\"alignnone size-thumbnail wp-image-6557\" src=\"https:\/\/www.zsnovarole.cz\/wp-content\/uploads\/2023\/12\/Snimek-obrazovky-2023-12-12-163647-150x150.png\" alt=\"\" width=\"150\" height=\"150\" srcset=\"https:\/\/www.zsnovarole.cz\/wp-content\/uploads\/2023\/12\/Snimek-obrazovky-2023-12-12-163647-150x150.png 150w, https:\/\/www.zsnovarole.cz\/wp-content\/uploads\/2023\/12\/Snimek-obrazovky-2023-12-12-163647-90x90.png 90w, https:\/\/www.zsnovarole.cz\/wp-content\/uploads\/2023\/12\/Snimek-obrazovky-2023-12-12-163647-75x75.png 75w\" sizes=\"(max-width: 150px) 100vw, 150px\" \/><\/a> <a href=\"https:\/\/www.zsnovarole.cz\/wp-content\/uploads\/2023\/12\/Snimek-obrazovky-2023-12-12-163700.png\"><img decoding=\"async\" loading=\"lazy\" class=\"alignnone size-thumbnail wp-image-6558\" src=\"https:\/\/www.zsnovarole.cz\/wp-content\/uploads\/2023\/12\/Snimek-obrazovky-2023-12-12-163700-150x150.png\" alt=\"\" width=\"150\" height=\"150\" srcset=\"https:\/\/www.zsnovarole.cz\/wp-content\/uploads\/2023\/12\/Snimek-obrazovky-2023-12-12-163700-150x150.png 150w, https:\/\/www.zsnovarole.cz\/wp-content\/uploads\/2023\/12\/Snimek-obrazovky-2023-12-12-163700-90x90.png 90w, https:\/\/www.zsnovarole.cz\/wp-content\/uploads\/2023\/12\/Snimek-obrazovky-2023-12-12-163700-75x75.png 75w\" sizes=\"(max-width: 150px) 100vw, 150px\" \/><\/a> <a href=\"https:\/\/www.zsnovarole.cz\/wp-content\/uploads\/2023\/12\/Snimek-obrazovky-2023-12-12-163716.png\"><img decoding=\"async\" loading=\"lazy\" class=\"alignnone size-thumbnail wp-image-6559\" src=\"https:\/\/www.zsnovarole.cz\/wp-content\/uploads\/2023\/12\/Snimek-obrazovky-2023-12-12-163716-150x150.png\" alt=\"\" width=\"150\" height=\"150\" srcset=\"https:\/\/www.zsnovarole.cz\/wp-content\/uploads\/2023\/12\/Snimek-obrazovky-2023-12-12-163716-150x150.png 150w, https:\/\/www.zsnovarole.cz\/wp-content\/uploads\/2023\/12\/Snimek-obrazovky-2023-12-12-163716-90x90.png 90w, https:\/\/www.zsnovarole.cz\/wp-content\/uploads\/2023\/12\/Snimek-obrazovky-2023-12-12-163716-75x75.png 75w\" sizes=\"(max-width: 150px) 100vw, 150px\" \/><\/a> <a href=\"https:\/\/www.zsnovarole.cz\/wp-content\/uploads\/2023\/12\/Snimek-obrazovky-2023-12-12-163743.png\"><img decoding=\"async\" loading=\"lazy\" class=\"alignnone size-thumbnail wp-image-6560\" src=\"https:\/\/www.zsnovarole.cz\/wp-content\/uploads\/2023\/12\/Snimek-obrazovky-2023-12-12-163743-150x150.png\" alt=\"\" width=\"150\" height=\"150\" srcset=\"https:\/\/www.zsnovarole.cz\/wp-content\/uploads\/2023\/12\/Snimek-obrazovky-2023-12-12-163743-150x150.png 150w, https:\/\/www.zsnovarole.cz\/wp-content\/uploads\/2023\/12\/Snimek-obrazovky-2023-12-12-163743-90x90.png 90w, https:\/\/www.zsnovarole.cz\/wp-content\/uploads\/2023\/12\/Snimek-obrazovky-2023-12-12-163743-75x75.png 75w\" sizes=\"(max-width: 150px) 100vw, 150px\" \/><\/a><\/p>\n<p>&nbsp;<\/p>\n","protected":false},"excerpt":{"rendered":"<p>Dne 16. listopadu jsme si s dru\u017einou p\u0159ipomn\u011bli ne \u00fapln\u011b zn\u00e1m\u00fd Den poezie, kter\u00fd vznikl na po\u010dest narozen\u00ed b\u00e1sn\u00edka K. H. M\u00e1chy. V tento den se ji\u017e p\u00e1r des\u00edtek let v mnoha m\u011bstech , zejm\u00e9na v knihovn\u00e1ch , kon\u00e1 festival poezie. I my jsme si cht\u011bli takov\u00fd den pro\u017e\u00edt , proto jsme oslovili pan\u00ed knihovnici Marcelu Tou\u017eimskou , kter\u00e1 v\u00fdzvu<\/p>\n","protected":false},"author":2,"featured_media":0,"comment_status":"closed","ping_status":"closed","sticky":false,"template":"","format":"standard","meta":[],"categories":[1],"tags":[],"jetpack_featured_media_url":"","_links":{"self":[{"href":"https:\/\/www.zsnovarole.cz\/index.php?rest_route=\/wp\/v2\/posts\/6543"}],"collection":[{"href":"https:\/\/www.zsnovarole.cz\/index.php?rest_route=\/wp\/v2\/posts"}],"about":[{"href":"https:\/\/www.zsnovarole.cz\/index.php?rest_route=\/wp\/v2\/types\/post"}],"author":[{"embeddable":true,"href":"https:\/\/www.zsnovarole.cz\/index.php?rest_route=\/wp\/v2\/users\/2"}],"replies":[{"embeddable":true,"href":"https:\/\/www.zsnovarole.cz\/index.php?rest_route=%2Fwp%2Fv2%2Fcomments&post=6543"}],"version-history":[{"count":3,"href":"https:\/\/www.zsnovarole.cz\/index.php?rest_route=\/wp\/v2\/posts\/6543\/revisions"}],"predecessor-version":[{"id":6562,"href":"https:\/\/www.zsnovarole.cz\/index.php?rest_route=\/wp\/v2\/posts\/6543\/revisions\/6562"}],"wp:attachment":[{"href":"https:\/\/www.zsnovarole.cz\/index.php?rest_route=%2Fwp%2Fv2%2Fmedia&parent=6543"}],"wp:term":[{"taxonomy":"category","embeddable":true,"href":"https:\/\/www.zsnovarole.cz\/index.php?rest_route=%2Fwp%2Fv2%2Fcategories&post=6543"},{"taxonomy":"post_tag","embeddable":true,"href":"https:\/\/www.zsnovarole.cz\/index.php?rest_route=%2Fwp%2Fv2%2Ftags&post=6543"}],"curies":[{"name":"wp","href":"https:\/\/api.w.org\/{rel}","templated":true}]}}