{"id":6583,"date":"2023-12-18T15:38:09","date_gmt":"2023-12-18T14:38:09","guid":{"rendered":"https:\/\/www.zsnovarole.cz\/?p=6583"},"modified":"2023-12-18T15:38:09","modified_gmt":"2023-12-18T14:38:09","slug":"sportovni-den-v-kladne","status":"publish","type":"post","link":"https:\/\/www.zsnovarole.cz\/?p=6583","title":{"rendered":"Sportovn\u00ed den v Kladn\u011b"},"content":{"rendered":"<p dir=\"ltr\">Z\u00e1kladn\u00ed \u0161kola a m\u011bsto Nov\u00e1 Role vyslala sv\u00e9 reprezentanty Sebastiena Hejnu, Karol\u00ednu Du\u0161kovou, Ane\u017eku Habrichovou, Vojtu Linharta, Tade\u00e1\u0161e Vojtu, Kamila Belbla, Tade\u00e1\u0161e Hand\u0161uha, Andyho \u0160tangla a Maty\u00e1\u0161e Mi\u010dudu na n\u00e1rodn\u00ed fin\u00e1le sout\u011b\u017ee\u00a0Sportovn\u00ed den ml\u00e1de\u017ee.<\/p>\n<p dir=\"ltr\">Z den\u00edku sportovce:<\/p>\n<p dir=\"ltr\">Dne 9. 12. 2023 jsme se z\u00fa\u010dastnili sportovn\u00edho dne v Kladn\u011b.<\/p>\n<p dir=\"ltr\">Sraz jsme m\u011bli v 6:15 na n\u00e1m\u011bst\u00ed v Nov\u00e9 Roli, \u010dekala n\u00e1s p\u0159es hodinu dlouh\u00e1 cesta. Po p\u0159\u00edjezdu n\u00e1m byli rozd\u00e1ny dresy a \u0161li jsme se zapsat do seznamu sout\u011b\u017e\u00edc\u00edch. Pot\u00e9 jsme byli rozd\u011bleni do t\u0159iceti dvou t\u00fdm\u016f podle roku narozen\u00ed. Sout\u011b\u017eili jsme v p\u011bti\u00a0 aktivit\u00e1ch: tenis, florbal, fotbal, h\u00e1zen\u00e1 a frisbee.<\/p>\n<p dir=\"ltr\">Dohromady se odehr\u00e1lo p\u0159es 130 z\u00e1pas\u016f. Ka\u017ed\u00fd t\u00fdm si minim\u00e1ln\u011b jednou zkusil ka\u017edou aktivitu. Spole\u010dn\u011b jsme se sezn\u00e1mili s ostatn\u00edmi t\u00fdmy a t\u00e9\u017e\u00a0 se sv\u00fdmi spoluhr\u00e1\u010di. Poznali jsme nov\u00e9 kamar\u00e1dy a \u00fa\u017easn\u00e9 sportovce, ale tak\u00e9 i lidi, co dok\u00e1\u017eou kv\u016fli v\u00edt\u011bzstv\u00ed podv\u00e1d\u011bt a chovat se nesportovn\u011b (strk\u00e1n\u00ed, h\u00e1zen\u00ed v\u011bcmi \u010di sprost\u00e9 nad\u00e1vky a v\u00fdhr\u016f\u017eky).<\/p>\n<p dir=\"ltr\">\u00a0Po n\u011bkolika odehran\u00fdch z\u00e1pasech a nervech, co jsme n\u011bkdy chytali, jsme se dostali a\u017e k fin\u00e1le a jednotliv\u00fdm postup\u016fm.<\/p>\n<p dir=\"ltr\">Hr\u00e1ly se posledn\u00ed z\u00e1pasy a my jsme zjistili, \u017ee u\u017e je skoro sedm hodin. V\u0161ichni jsme se um\u00edstili v TOP \u0161estn\u00e1cti nejlep\u0161\u00edch t\u00fdmech. Karol\u00edna Du\u0161kov\u00e1 a jej\u00ed t\u00fdm se um\u00edstil patn\u00e1ct\u00fd, t\u00fdm Sebastiena Hejny na \u010dtrn\u00e1ct\u00e9m m\u00edst\u011b, t\u00fdm Ane\u017eky Habrichov\u00e9, kde byl i Kamil Belbl, na dvan\u00e1ct\u00e9m m\u00edst\u011b a t\u00fdm, kde byl Maty\u00e1\u0161 Mi\u010duda, dopadl t\u0159et\u00ed .<\/p>\n<p dir=\"ltr\">Po vyhl\u00e1\u0161en\u00ed a spole\u010dn\u00fdch fotk\u00e1ch jsme se byli p\u0159evl\u00e9ct a p\u0159ipravovali se na odjezd dom\u016f. P\u0159ijeli jsme okolo des\u00e1t\u00e9 ve\u010der.<\/p>\n<p dir=\"ltr\">Byl to super z\u00e1\u017eitek. Ve voln\u00fdch chv\u00edl\u00edch jsme l\u00edtali po \u0161atn\u00e1ch, provokovali jsme se navz\u00e1jem a\u00a0 jako blahop\u0159\u00e1n\u00ed k v\u00fdh\u0159e jsme odt\u00e1hli\u00a0 Maty\u00e1\u0161e do sprch a tam ho polili vodou. Po t\u011bchto srandi\u010dk\u00e1ch a po z\u00e1pasech, kter\u00e9 jsme si odjeli, jsme si p\u0159inesli dom\u016f sam\u00e9 mod\u0159iny, nara\u017eeniny, ale hlavn\u011b super vzpom\u00ednky a super z\u00e1\u017eitky.<\/p>\n<p dir=\"ltr\">D\u011bkujeme m\u011bstu za kr\u00e1sn\u00e9 dresy a za dopravu, p\u00e1n\u016fm Pastorovi, Vesel\u00e9mu a Mi\u010dudovi za to, \u017ee se o n\u00e1s starali a za fand\u011bn\u00ed.<\/p>\n<p dir=\"ltr\">D\u011bkujeme moc, \u017ee jsme mohli tohle za\u017e\u00edt.<\/p>\n<p dir=\"ltr\">K.Du\u0161kov\u00e1, A. Habrichov\u00e1, S. Hejna<\/p>\n","protected":false},"excerpt":{"rendered":"<p>Z\u00e1kladn\u00ed \u0161kola a m\u011bsto Nov\u00e1 Role vyslala sv\u00e9 reprezentanty Sebastiena Hejnu, Karol\u00ednu Du\u0161kovou, Ane\u017eku Habrichovou, Vojtu Linharta, Tade\u00e1\u0161e Vojtu, Kamila Belbla, Tade\u00e1\u0161e Hand\u0161uha, Andyho \u0160tangla a Maty\u00e1\u0161e Mi\u010dudu na n\u00e1rodn\u00ed fin\u00e1le sout\u011b\u017ee\u00a0Sportovn\u00ed den ml\u00e1de\u017ee. Z den\u00edku sportovce: Dne 9. 12. 2023 jsme se z\u00fa\u010dastnili sportovn\u00edho dne v Kladn\u011b. Sraz jsme m\u011bli v 6:15 na n\u00e1m\u011bst\u00ed v Nov\u00e9 Roli, \u010dekala n\u00e1s<\/p>\n","protected":false},"author":2,"featured_media":0,"comment_status":"closed","ping_status":"closed","sticky":false,"template":"","format":"standard","meta":[],"categories":[1],"tags":[],"jetpack_featured_media_url":"","_links":{"self":[{"href":"https:\/\/www.zsnovarole.cz\/index.php?rest_route=\/wp\/v2\/posts\/6583"}],"collection":[{"href":"https:\/\/www.zsnovarole.cz\/index.php?rest_route=\/wp\/v2\/posts"}],"about":[{"href":"https:\/\/www.zsnovarole.cz\/index.php?rest_route=\/wp\/v2\/types\/post"}],"author":[{"embeddable":true,"href":"https:\/\/www.zsnovarole.cz\/index.php?rest_route=\/wp\/v2\/users\/2"}],"replies":[{"embeddable":true,"href":"https:\/\/www.zsnovarole.cz\/index.php?rest_route=%2Fwp%2Fv2%2Fcomments&post=6583"}],"version-history":[{"count":1,"href":"https:\/\/www.zsnovarole.cz\/index.php?rest_route=\/wp\/v2\/posts\/6583\/revisions"}],"predecessor-version":[{"id":6584,"href":"https:\/\/www.zsnovarole.cz\/index.php?rest_route=\/wp\/v2\/posts\/6583\/revisions\/6584"}],"wp:attachment":[{"href":"https:\/\/www.zsnovarole.cz\/index.php?rest_route=%2Fwp%2Fv2%2Fmedia&parent=6583"}],"wp:term":[{"taxonomy":"category","embeddable":true,"href":"https:\/\/www.zsnovarole.cz\/index.php?rest_route=%2Fwp%2Fv2%2Fcategories&post=6583"},{"taxonomy":"post_tag","embeddable":true,"href":"https:\/\/www.zsnovarole.cz\/index.php?rest_route=%2Fwp%2Fv2%2Ftags&post=6583"}],"curies":[{"name":"wp","href":"https:\/\/api.w.org\/{rel}","templated":true}]}}