{"id":6589,"date":"2023-12-22T13:41:15","date_gmt":"2023-12-22T12:41:15","guid":{"rendered":"https:\/\/www.zsnovarole.cz\/?p=6589"},"modified":"2023-12-22T14:42:23","modified_gmt":"2023-12-22T13:42:23","slug":"sedmaci-vyrazili-do-vanocniho-domu","status":"publish","type":"post","link":"https:\/\/www.zsnovarole.cz\/?p=6589","title":{"rendered":"Sedm\u00e1ci vyrazili do V\u00e1no\u010dn\u00edho domu"},"content":{"rendered":"<div>Na\u010derpat tu pravou v\u00e1no\u010dn\u00ed atmosf\u00e9ru jsme se vydali ve \u010dtvrtek 21. 12. C\u00edlem byl V\u00e1no\u010dn\u00ed d\u016fm v Karlov\u00fdch Varech. M\u011bstskou hromadnou dopravou jsme se p\u0159em\u00edstili do z\u00e1me\u010dku v Doub\u00ed. V hlavn\u00ed \u010d\u00e1sti V\u00e1no\u010dn\u00edho domu jsme si prohl\u00e9dli stovky ozdob r\u016fzn\u00fdch tvar\u016f, barev a materi\u00e1l\u016f. Nechyb\u011bla ani prohl\u00eddka v\u00fdstavy medv\u00eddk\u016f v\u0161ech druh\u016f a velikost\u00ed. Na z\u00e1v\u011br jsme se zah\u0159\u00e1li v\u00fdbornou horkou \u010dokol\u00e1dou.<\/div>\n<div><\/div>\n<div>M. Mi\u010dudov\u00e1 a \u017e\u00e1ci 7. A<\/div>\n<div><a href=\"https:\/\/www.zsnovarole.cz\/wp-content\/uploads\/2023\/12\/Vanocni-dum-scaled.jpg\"><img decoding=\"async\" loading=\"lazy\" class=\"alignnone size-thumbnail wp-image-6590\" src=\"https:\/\/www.zsnovarole.cz\/wp-content\/uploads\/2023\/12\/Vanocni-dum-150x150.jpg\" alt=\"\" width=\"150\" height=\"150\" srcset=\"https:\/\/www.zsnovarole.cz\/wp-content\/uploads\/2023\/12\/Vanocni-dum-150x150.jpg 150w, https:\/\/www.zsnovarole.cz\/wp-content\/uploads\/2023\/12\/Vanocni-dum-90x90.jpg 90w, https:\/\/www.zsnovarole.cz\/wp-content\/uploads\/2023\/12\/Vanocni-dum-75x75.jpg 75w\" sizes=\"(max-width: 150px) 100vw, 150px\" \/><\/a><\/div>\n<div><\/div>\n<div><\/div>\n","protected":false},"excerpt":{"rendered":"<p>Na\u010derpat tu pravou v\u00e1no\u010dn\u00ed atmosf\u00e9ru jsme se vydali ve \u010dtvrtek 21. 12. C\u00edlem byl V\u00e1no\u010dn\u00ed d\u016fm v Karlov\u00fdch Varech. M\u011bstskou hromadnou dopravou jsme se p\u0159em\u00edstili do z\u00e1me\u010dku v Doub\u00ed. V hlavn\u00ed \u010d\u00e1sti V\u00e1no\u010dn\u00edho domu jsme si prohl\u00e9dli stovky ozdob r\u016fzn\u00fdch tvar\u016f, barev a materi\u00e1l\u016f. Nechyb\u011bla ani prohl\u00eddka v\u00fdstavy medv\u00eddk\u016f v\u0161ech druh\u016f a velikost\u00ed. Na z\u00e1v\u011br jsme se zah\u0159\u00e1li v\u00fdbornou horkou<\/p>\n","protected":false},"author":2,"featured_media":0,"comment_status":"closed","ping_status":"closed","sticky":false,"template":"","format":"standard","meta":[],"categories":[1],"tags":[],"jetpack_featured_media_url":"","_links":{"self":[{"href":"https:\/\/www.zsnovarole.cz\/index.php?rest_route=\/wp\/v2\/posts\/6589"}],"collection":[{"href":"https:\/\/www.zsnovarole.cz\/index.php?rest_route=\/wp\/v2\/posts"}],"about":[{"href":"https:\/\/www.zsnovarole.cz\/index.php?rest_route=\/wp\/v2\/types\/post"}],"author":[{"embeddable":true,"href":"https:\/\/www.zsnovarole.cz\/index.php?rest_route=\/wp\/v2\/users\/2"}],"replies":[{"embeddable":true,"href":"https:\/\/www.zsnovarole.cz\/index.php?rest_route=%2Fwp%2Fv2%2Fcomments&post=6589"}],"version-history":[{"count":1,"href":"https:\/\/www.zsnovarole.cz\/index.php?rest_route=\/wp\/v2\/posts\/6589\/revisions"}],"predecessor-version":[{"id":6591,"href":"https:\/\/www.zsnovarole.cz\/index.php?rest_route=\/wp\/v2\/posts\/6589\/revisions\/6591"}],"wp:attachment":[{"href":"https:\/\/www.zsnovarole.cz\/index.php?rest_route=%2Fwp%2Fv2%2Fmedia&parent=6589"}],"wp:term":[{"taxonomy":"category","embeddable":true,"href":"https:\/\/www.zsnovarole.cz\/index.php?rest_route=%2Fwp%2Fv2%2Fcategories&post=6589"},{"taxonomy":"post_tag","embeddable":true,"href":"https:\/\/www.zsnovarole.cz\/index.php?rest_route=%2Fwp%2Fv2%2Ftags&post=6589"}],"curies":[{"name":"wp","href":"https:\/\/api.w.org\/{rel}","templated":true}]}}