{"id":7366,"date":"2024-12-02T10:11:43","date_gmt":"2024-12-02T09:11:43","guid":{"rendered":"https:\/\/www.zsnovarole.cz\/?p=7366"},"modified":"2024-12-04T15:36:27","modified_gmt":"2024-12-04T14:36:27","slug":"vanocni-vystava-betlemy-ze-sbirek-muzea-karlovy-vary","status":"publish","type":"post","link":"https:\/\/www.zsnovarole.cz\/?p=7366","title":{"rendered":"V\u00e1no\u010dn\u00ed v\u00fdstava \u201eBetl\u00e9my ze sb\u00edrek Muzea Karlovy Vary\u201c"},"content":{"rendered":"<p><span style=\"font-weight: 400;\">V\u00e1noce se bl\u00ed\u017e\u00ed a tak jsme se objednali na v\u00e1no\u010dn\u00ed v\u00fdstavu do Muzea v\u00a0Karlov\u00fdch Varech, kde n\u00e1s velmi mile p\u0159ijala pan\u00ed pr\u016fvodkyn\u011b.<\/span><\/p>\n<p><span style=\"font-weight: 400;\">Vypr\u00e1v\u011bla n\u00e1m o zvyc\u00edch v\u00a0\u010dase adventn\u00edm, o jejich p\u016fvodu a v\u00fdznamu. Mohli jsme si prohl\u00e9dnout ru\u010dn\u011b vy\u0159ez\u00e1van\u00e9 figurkov\u00e9 betl\u00e9my zn\u00e1zor\u0148uj\u00edc\u00ed m\u011bsta Nejdek a Karlovy Vary, i betl\u00e9my historick\u00e9 sestaven\u00e9 ve sk\u0159\u00edn\u00edch p\u0159ivezen\u00e9 z\u00a0Kyn\u0161perku nad Oh\u0159\u00ed.<\/span><\/p>\n<p><span style=\"font-weight: 400;\">Sami jsme si ka\u017ed\u00fd z n\u00e1s mohli vyzkou\u0161et, jak je nesnadn\u00e9 sestavit betl\u00e9m z\u00a0pap\u00edru, kter\u00fd jsme museli pe\u010dliv\u011b vyst\u0159ihnout a nast\u0159\u00edhat tak, aby do sebe jednotliv\u00e9 \u010d\u00e1sti pasovali.<\/span><\/p>\n<p><span style=\"font-weight: 400;\">\u017d\u00e1ci 5. A a 5. B se sv\u00fdmi t\u0159. u\u010ditelkami a AP<\/span><\/p>\n<p><a href=\"https:\/\/www.zsnovarole.cz\/wp-content\/uploads\/2024\/12\/U-Vridla-scaled.jpg\"><img decoding=\"async\" loading=\"lazy\" class=\"alignnone wp-image-7367 size-thumbnail\" src=\"https:\/\/www.zsnovarole.cz\/wp-content\/uploads\/2024\/12\/U-Vridla-150x150.jpg\" alt=\"\" width=\"150\" height=\"150\" srcset=\"https:\/\/www.zsnovarole.cz\/wp-content\/uploads\/2024\/12\/U-Vridla-150x150.jpg 150w, https:\/\/www.zsnovarole.cz\/wp-content\/uploads\/2024\/12\/U-Vridla-90x90.jpg 90w, https:\/\/www.zsnovarole.cz\/wp-content\/uploads\/2024\/12\/U-Vridla-75x75.jpg 75w\" sizes=\"(max-width: 150px) 100vw, 150px\" \/><\/a> <a href=\"https:\/\/www.zsnovarole.cz\/wp-content\/uploads\/2024\/12\/U-Muzea-scaled.jpg\"><img decoding=\"async\" loading=\"lazy\" class=\"alignnone wp-image-7369 size-thumbnail\" src=\"https:\/\/www.zsnovarole.cz\/wp-content\/uploads\/2024\/12\/U-Muzea-150x150.jpg\" alt=\"\" width=\"150\" height=\"150\" srcset=\"https:\/\/www.zsnovarole.cz\/wp-content\/uploads\/2024\/12\/U-Muzea-150x150.jpg 150w, https:\/\/www.zsnovarole.cz\/wp-content\/uploads\/2024\/12\/U-Muzea-90x90.jpg 90w, https:\/\/www.zsnovarole.cz\/wp-content\/uploads\/2024\/12\/U-Muzea-75x75.jpg 75w\" sizes=\"(max-width: 150px) 100vw, 150px\" \/><\/a> <a href=\"https:\/\/www.zsnovarole.cz\/wp-content\/uploads\/2024\/12\/U-stromecku-scaled.jpg\"><img decoding=\"async\" loading=\"lazy\" class=\"alignnone size-thumbnail wp-image-7368\" src=\"https:\/\/www.zsnovarole.cz\/wp-content\/uploads\/2024\/12\/U-stromecku-150x150.jpg\" alt=\"\" width=\"150\" height=\"150\" srcset=\"https:\/\/www.zsnovarole.cz\/wp-content\/uploads\/2024\/12\/U-stromecku-150x150.jpg 150w, https:\/\/www.zsnovarole.cz\/wp-content\/uploads\/2024\/12\/U-stromecku-90x90.jpg 90w, https:\/\/www.zsnovarole.cz\/wp-content\/uploads\/2024\/12\/U-stromecku-75x75.jpg 75w\" sizes=\"(max-width: 150px) 100vw, 150px\" \/><\/a><\/p>\n","protected":false},"excerpt":{"rendered":"<p>V\u00e1noce se bl\u00ed\u017e\u00ed a tak jsme se objednali na v\u00e1no\u010dn\u00ed v\u00fdstavu do Muzea v\u00a0Karlov\u00fdch Varech, kde n\u00e1s velmi mile p\u0159ijala pan\u00ed pr\u016fvodkyn\u011b. Vypr\u00e1v\u011bla n\u00e1m o zvyc\u00edch v\u00a0\u010dase adventn\u00edm, o jejich p\u016fvodu a v\u00fdznamu. Mohli jsme si prohl\u00e9dnout ru\u010dn\u011b vy\u0159ez\u00e1van\u00e9 figurkov\u00e9 betl\u00e9my zn\u00e1zor\u0148uj\u00edc\u00ed m\u011bsta Nejdek a Karlovy Vary, i betl\u00e9my historick\u00e9 sestaven\u00e9 ve sk\u0159\u00edn\u00edch p\u0159ivezen\u00e9 z\u00a0Kyn\u0161perku nad Oh\u0159\u00ed. Sami jsme si<\/p>\n","protected":false},"author":2,"featured_media":0,"comment_status":"closed","ping_status":"closed","sticky":false,"template":"","format":"standard","meta":[],"categories":[1],"tags":[],"jetpack_featured_media_url":"","_links":{"self":[{"href":"https:\/\/www.zsnovarole.cz\/index.php?rest_route=\/wp\/v2\/posts\/7366"}],"collection":[{"href":"https:\/\/www.zsnovarole.cz\/index.php?rest_route=\/wp\/v2\/posts"}],"about":[{"href":"https:\/\/www.zsnovarole.cz\/index.php?rest_route=\/wp\/v2\/types\/post"}],"author":[{"embeddable":true,"href":"https:\/\/www.zsnovarole.cz\/index.php?rest_route=\/wp\/v2\/users\/2"}],"replies":[{"embeddable":true,"href":"https:\/\/www.zsnovarole.cz\/index.php?rest_route=%2Fwp%2Fv2%2Fcomments&post=7366"}],"version-history":[{"count":2,"href":"https:\/\/www.zsnovarole.cz\/index.php?rest_route=\/wp\/v2\/posts\/7366\/revisions"}],"predecessor-version":[{"id":7387,"href":"https:\/\/www.zsnovarole.cz\/index.php?rest_route=\/wp\/v2\/posts\/7366\/revisions\/7387"}],"wp:attachment":[{"href":"https:\/\/www.zsnovarole.cz\/index.php?rest_route=%2Fwp%2Fv2%2Fmedia&parent=7366"}],"wp:term":[{"taxonomy":"category","embeddable":true,"href":"https:\/\/www.zsnovarole.cz\/index.php?rest_route=%2Fwp%2Fv2%2Fcategories&post=7366"},{"taxonomy":"post_tag","embeddable":true,"href":"https:\/\/www.zsnovarole.cz\/index.php?rest_route=%2Fwp%2Fv2%2Ftags&post=7366"}],"curies":[{"name":"wp","href":"https:\/\/api.w.org\/{rel}","templated":true}]}}