{"id":7790,"date":"2025-04-16T13:16:29","date_gmt":"2025-04-16T11:16:29","guid":{"rendered":"https:\/\/www.zsnovarole.cz\/?p=7790"},"modified":"2025-04-16T13:16:29","modified_gmt":"2025-04-16T11:16:29","slug":"klaster-tepla","status":"publish","type":"post","link":"https:\/\/www.zsnovarole.cz\/?p=7790","title":{"rendered":"Kl\u00e1\u0161ter Tepl\u00e1"},"content":{"rendered":"<p><span style=\"font-weight: 400;\">11. dubna vyjeli \u017e\u00e1ci \u010dtvrt\u00fdch t\u0159\u00edd do Tepl\u00e9, aby se sezn\u00e1mili s \u017eivotem ve st\u0159edov\u011bk\u00e9m kl\u00e1\u0161te\u0159e. Prohl\u00e9dli si kl\u00e1\u0161tern\u00ed prostory a dozv\u011bd\u011bli se o \u017eivot\u011b a pr\u00e1ci p\u011bti mnich\u016f, kte\u0159\u00ed zde je\u0161t\u011b v sou\u010dasn\u00e9 dob\u011b \u017eij\u00ed. Potom je \u010dekalo to nejlep\u0161\u00ed \u2013 kl\u00e1\u0161tern\u00ed \u00fanikovka, p\u0159i kter\u00e9 hledali podle mapy a indici\u00ed 10 podivn\u00fdch zv\u00ed\u0159at, kter\u00e1 se ztratila z encyklopedick\u00e9 knihy Besti\u00e1\u0159. P\u0159i hled\u00e1n\u00ed se mohli libovoln\u011b pohybovat v ur\u010dit\u00fdch \u010d\u00e1stech kl\u00e1\u0161tera v\u010detn\u011b sklep\u016f. Tam to bylo nejv\u00edce dobrodru\u017en\u00e9. V\u0161echny d\u011bti se nakonec radovaly, \u017ee se jim poda\u0159ilo \u201ebestie\u201c naj\u00edt a dostaly malou odm\u011bnu.<\/span><\/p>\n<p><a href=\"https:\/\/www.zsnovarole.cz\/wp-content\/uploads\/2025\/04\/IMG_5193.jpg\"><img decoding=\"async\" loading=\"lazy\" class=\"alignnone size-thumbnail wp-image-7791\" src=\"https:\/\/www.zsnovarole.cz\/wp-content\/uploads\/2025\/04\/IMG_5193-150x150.jpg\" alt=\"\" width=\"150\" height=\"150\" srcset=\"https:\/\/www.zsnovarole.cz\/wp-content\/uploads\/2025\/04\/IMG_5193-150x150.jpg 150w, https:\/\/www.zsnovarole.cz\/wp-content\/uploads\/2025\/04\/IMG_5193-90x90.jpg 90w, https:\/\/www.zsnovarole.cz\/wp-content\/uploads\/2025\/04\/IMG_5193-75x75.jpg 75w\" sizes=\"(max-width: 150px) 100vw, 150px\" \/><\/a> <a href=\"https:\/\/www.zsnovarole.cz\/wp-content\/uploads\/2025\/04\/IMG_5179-scaled.jpg\"><img decoding=\"async\" loading=\"lazy\" class=\"alignnone size-thumbnail wp-image-7792\" src=\"https:\/\/www.zsnovarole.cz\/wp-content\/uploads\/2025\/04\/IMG_5179-150x150.jpg\" alt=\"\" width=\"150\" height=\"150\" srcset=\"https:\/\/www.zsnovarole.cz\/wp-content\/uploads\/2025\/04\/IMG_5179-150x150.jpg 150w, https:\/\/www.zsnovarole.cz\/wp-content\/uploads\/2025\/04\/IMG_5179-90x90.jpg 90w, https:\/\/www.zsnovarole.cz\/wp-content\/uploads\/2025\/04\/IMG_5179-75x75.jpg 75w\" sizes=\"(max-width: 150px) 100vw, 150px\" \/><\/a> <a href=\"https:\/\/www.zsnovarole.cz\/wp-content\/uploads\/2025\/04\/IMG_5195-scaled.jpg\"><img decoding=\"async\" loading=\"lazy\" class=\"alignnone size-thumbnail wp-image-7793\" src=\"https:\/\/www.zsnovarole.cz\/wp-content\/uploads\/2025\/04\/IMG_5195-150x150.jpg\" alt=\"\" width=\"150\" height=\"150\" srcset=\"https:\/\/www.zsnovarole.cz\/wp-content\/uploads\/2025\/04\/IMG_5195-150x150.jpg 150w, https:\/\/www.zsnovarole.cz\/wp-content\/uploads\/2025\/04\/IMG_5195-90x90.jpg 90w, https:\/\/www.zsnovarole.cz\/wp-content\/uploads\/2025\/04\/IMG_5195-75x75.jpg 75w\" sizes=\"(max-width: 150px) 100vw, 150px\" \/><\/a> <a href=\"https:\/\/www.zsnovarole.cz\/wp-content\/uploads\/2025\/04\/IMG_5208-scaled.jpg\"><img decoding=\"async\" loading=\"lazy\" class=\"alignnone size-thumbnail wp-image-7794\" src=\"https:\/\/www.zsnovarole.cz\/wp-content\/uploads\/2025\/04\/IMG_5208-150x150.jpg\" alt=\"\" width=\"150\" height=\"150\" srcset=\"https:\/\/www.zsnovarole.cz\/wp-content\/uploads\/2025\/04\/IMG_5208-150x150.jpg 150w, https:\/\/www.zsnovarole.cz\/wp-content\/uploads\/2025\/04\/IMG_5208-90x90.jpg 90w, https:\/\/www.zsnovarole.cz\/wp-content\/uploads\/2025\/04\/IMG_5208-75x75.jpg 75w\" sizes=\"(max-width: 150px) 100vw, 150px\" \/><\/a><\/p>\n","protected":false},"excerpt":{"rendered":"<p>11. dubna vyjeli \u017e\u00e1ci \u010dtvrt\u00fdch t\u0159\u00edd do Tepl\u00e9, aby se sezn\u00e1mili s \u017eivotem ve st\u0159edov\u011bk\u00e9m kl\u00e1\u0161te\u0159e. Prohl\u00e9dli si kl\u00e1\u0161tern\u00ed prostory a dozv\u011bd\u011bli se o \u017eivot\u011b a pr\u00e1ci p\u011bti mnich\u016f, kte\u0159\u00ed zde je\u0161t\u011b v sou\u010dasn\u00e9 dob\u011b \u017eij\u00ed. Potom je \u010dekalo to nejlep\u0161\u00ed \u2013 kl\u00e1\u0161tern\u00ed \u00fanikovka, p\u0159i kter\u00e9 hledali podle mapy a indici\u00ed 10 podivn\u00fdch zv\u00ed\u0159at, kter\u00e1 se ztratila z encyklopedick\u00e9 knihy<\/p>\n","protected":false},"author":2,"featured_media":0,"comment_status":"closed","ping_status":"closed","sticky":false,"template":"","format":"standard","meta":[],"categories":[1],"tags":[],"jetpack_featured_media_url":"","_links":{"self":[{"href":"https:\/\/www.zsnovarole.cz\/index.php?rest_route=\/wp\/v2\/posts\/7790"}],"collection":[{"href":"https:\/\/www.zsnovarole.cz\/index.php?rest_route=\/wp\/v2\/posts"}],"about":[{"href":"https:\/\/www.zsnovarole.cz\/index.php?rest_route=\/wp\/v2\/types\/post"}],"author":[{"embeddable":true,"href":"https:\/\/www.zsnovarole.cz\/index.php?rest_route=\/wp\/v2\/users\/2"}],"replies":[{"embeddable":true,"href":"https:\/\/www.zsnovarole.cz\/index.php?rest_route=%2Fwp%2Fv2%2Fcomments&post=7790"}],"version-history":[{"count":1,"href":"https:\/\/www.zsnovarole.cz\/index.php?rest_route=\/wp\/v2\/posts\/7790\/revisions"}],"predecessor-version":[{"id":7795,"href":"https:\/\/www.zsnovarole.cz\/index.php?rest_route=\/wp\/v2\/posts\/7790\/revisions\/7795"}],"wp:attachment":[{"href":"https:\/\/www.zsnovarole.cz\/index.php?rest_route=%2Fwp%2Fv2%2Fmedia&parent=7790"}],"wp:term":[{"taxonomy":"category","embeddable":true,"href":"https:\/\/www.zsnovarole.cz\/index.php?rest_route=%2Fwp%2Fv2%2Fcategories&post=7790"},{"taxonomy":"post_tag","embeddable":true,"href":"https:\/\/www.zsnovarole.cz\/index.php?rest_route=%2Fwp%2Fv2%2Ftags&post=7790"}],"curies":[{"name":"wp","href":"https:\/\/api.w.org\/{rel}","templated":true}]}}