{"id":7943,"date":"2025-05-26T17:06:13","date_gmt":"2025-05-26T15:06:13","guid":{"rendered":"https:\/\/www.zsnovarole.cz\/?p=7943"},"modified":"2025-05-26T17:06:13","modified_gmt":"2025-05-26T15:06:13","slug":"prednaska-o-cs-letcich-bojujicich-v-radach-britskeho-kralovskeho-letectva","status":"publish","type":"post","link":"https:\/\/www.zsnovarole.cz\/?p=7943","title":{"rendered":"P\u0159edn\u00e1\u0161ka o \u010ds. letc\u00edch bojuj\u00edc\u00edch v \u0159ad\u00e1ch britsk\u00e9ho Kr\u00e1lovsk\u00e9ho letectva"},"content":{"rendered":"<p><span style=\"font-weight: 400;\">V r\u00e1mci 80. v\u00fdro\u010d\u00ed konce 2. sv\u011btov\u00e9 v\u00e1lky m\u011bli \u017e\u00e1ci 9. ro\u010dn\u00edk\u016f mo\u017enost z\u00fa\u010dastnit se poutav\u00e9 a velmi siln\u00e9 p\u0159edn\u00e1\u0161ky pana Daniela \u0160vece, kter\u00e1 se zam\u011b\u0159ila na osudy \u010deskoslovensk\u00fdch letc\u016f v RAF za druh\u00e9 sv\u011btov\u00e9 v\u00e1lky.\u00a0 \u00a0 \u00a0 \u00a0 \u00a0 \u00a0 \u00a0 \u00a0 \u00a0 \u00a0 \u00a0 \u00a0 \u00a0 \u00a0 \u00a0 \u00a0 \u00a0 \u00a0 \u00a0 \u00a0 \u00a0 \u00a0 \u00a0 \u00a0 \u00a0 \u00a0 \u00a0 Pan \u0160vec, populariz\u00e1tor historie a sb\u011bratel vojensk\u00fdch artefakt\u016f, p\u0159ed \u017e\u00e1ky vystoupil s p\u0159\u00edb\u011bhem pln\u00fdm odvahy, state\u010dnosti, ale i ho\u0159kosti. P\u0159ibl\u00ed\u017eil jim nejen samotn\u00fd boj \u010deskoslovensk\u00fdch pilot\u016f za svobodu v britsk\u00e9 Royal Air Force, ale tak\u00e9 krut\u00fd osud, kter\u00fd je potkal po n\u00e1vratu do vlasti, kdy byli po roce 1948 komunistick\u00fdm re\u017eimem pron\u00e1sledov\u00e1ni, v\u011bzn\u011bni a mnohdy i zapomenuti.\u00a0 \u00a0 \u00a0 \u00a0 \u00a0 \u00a0 \u00a0 \u00a0 \u00a0 \u00a0 \u00a0 \u00a0 \u00a0 \u00a0 \u00a0 \u00a0 \u00a0 \u00a0 \u00a0 \u00a0 \u00a0 \u00a0 \u00a0 \u00a0 \u00a0 \u00a0 \u00a0 \u00a0 \u00a0 \u00a0 \u00a0 \u00a0 \u00a0 \u00a0 \u00a0 \u00a0 \u00a0 \u00a0 \u00a0 \u00a0 \u00a0 \u00a0 \u017d\u00e1ci se zaujet\u00edm sledovali vypr\u00e1v\u011bn\u00ed, kter\u00e9 bylo dopln\u011bno o autentick\u00e9 fotografie, mapy i vzpom\u00ednky pam\u011btn\u00edk\u016f.<\/span><\/p>\n<p><a href=\"https:\/\/www.zsnovarole.cz\/wp-content\/uploads\/2025\/05\/RAF-scaled.jpg\"><img decoding=\"async\" loading=\"lazy\" class=\"alignnone size-medium wp-image-7944\" src=\"https:\/\/www.zsnovarole.cz\/wp-content\/uploads\/2025\/05\/RAF-225x300.jpg\" alt=\"\" width=\"225\" height=\"300\" srcset=\"https:\/\/www.zsnovarole.cz\/wp-content\/uploads\/2025\/05\/RAF-225x300.jpg 225w, https:\/\/www.zsnovarole.cz\/wp-content\/uploads\/2025\/05\/RAF-768x1024.jpg 768w, https:\/\/www.zsnovarole.cz\/wp-content\/uploads\/2025\/05\/RAF-1152x1536.jpg 1152w, https:\/\/www.zsnovarole.cz\/wp-content\/uploads\/2025\/05\/RAF-1536x2048.jpg 1536w, https:\/\/www.zsnovarole.cz\/wp-content\/uploads\/2025\/05\/RAF-scaled.jpg 1920w\" sizes=\"(max-width: 225px) 100vw, 225px\" \/><\/a><\/p>\n","protected":false},"excerpt":{"rendered":"<p>V r\u00e1mci 80. v\u00fdro\u010d\u00ed konce 2. sv\u011btov\u00e9 v\u00e1lky m\u011bli \u017e\u00e1ci 9. ro\u010dn\u00edk\u016f mo\u017enost z\u00fa\u010dastnit se poutav\u00e9 a velmi siln\u00e9 p\u0159edn\u00e1\u0161ky pana Daniela \u0160vece, kter\u00e1 se zam\u011b\u0159ila na osudy \u010deskoslovensk\u00fdch letc\u016f v RAF za druh\u00e9 sv\u011btov\u00e9 v\u00e1lky.\u00a0 \u00a0 \u00a0 \u00a0 \u00a0 \u00a0 \u00a0 \u00a0 \u00a0 \u00a0 \u00a0 \u00a0 \u00a0 \u00a0 \u00a0 \u00a0 \u00a0 \u00a0 \u00a0 \u00a0 \u00a0 \u00a0 \u00a0 \u00a0 \u00a0<\/p>\n","protected":false},"author":2,"featured_media":0,"comment_status":"closed","ping_status":"closed","sticky":false,"template":"","format":"standard","meta":[],"categories":[1],"tags":[],"jetpack_featured_media_url":"","_links":{"self":[{"href":"https:\/\/www.zsnovarole.cz\/index.php?rest_route=\/wp\/v2\/posts\/7943"}],"collection":[{"href":"https:\/\/www.zsnovarole.cz\/index.php?rest_route=\/wp\/v2\/posts"}],"about":[{"href":"https:\/\/www.zsnovarole.cz\/index.php?rest_route=\/wp\/v2\/types\/post"}],"author":[{"embeddable":true,"href":"https:\/\/www.zsnovarole.cz\/index.php?rest_route=\/wp\/v2\/users\/2"}],"replies":[{"embeddable":true,"href":"https:\/\/www.zsnovarole.cz\/index.php?rest_route=%2Fwp%2Fv2%2Fcomments&post=7943"}],"version-history":[{"count":1,"href":"https:\/\/www.zsnovarole.cz\/index.php?rest_route=\/wp\/v2\/posts\/7943\/revisions"}],"predecessor-version":[{"id":7945,"href":"https:\/\/www.zsnovarole.cz\/index.php?rest_route=\/wp\/v2\/posts\/7943\/revisions\/7945"}],"wp:attachment":[{"href":"https:\/\/www.zsnovarole.cz\/index.php?rest_route=%2Fwp%2Fv2%2Fmedia&parent=7943"}],"wp:term":[{"taxonomy":"category","embeddable":true,"href":"https:\/\/www.zsnovarole.cz\/index.php?rest_route=%2Fwp%2Fv2%2Fcategories&post=7943"},{"taxonomy":"post_tag","embeddable":true,"href":"https:\/\/www.zsnovarole.cz\/index.php?rest_route=%2Fwp%2Fv2%2Ftags&post=7943"}],"curies":[{"name":"wp","href":"https:\/\/api.w.org\/{rel}","templated":true}]}}