{"id":7947,"date":"2025-05-26T17:13:45","date_gmt":"2025-05-26T15:13:45","guid":{"rendered":"https:\/\/www.zsnovarole.cz\/?p=7947"},"modified":"2025-05-26T17:13:45","modified_gmt":"2025-05-26T15:13:45","slug":"utek-z-vildstejna-exkurze-trid-7-a-a-8-a","status":"publish","type":"post","link":"https:\/\/www.zsnovarole.cz\/?p=7947","title":{"rendered":"\u00dat\u011bk z Vild\u0161tejna \u2013 exkurze t\u0159\u00edd 7.A a 8.A"},"content":{"rendered":"<p><span style=\"font-weight: 400;\">T\u0159\u00eddy 7.A a 8.A se vydaly na pozn\u00e1vac\u00ed exkurzi na hrad Vild\u0161tejn ve Skaln\u00e9. Tato v\u00fdukov\u00e1 akce prob\u011bhla v r\u00e1mci programu s n\u00e1zvem \u201e\u00dat\u011bk z Vild\u0161tejna\u201c, jen\u017e spojil historii, dobrodru\u017estv\u00ed a t\u00fdmovou spolupr\u00e1ci do jedine\u010dn\u00e9ho z\u00e1\u017eitku. V r\u00e1mci t\u00e9to dobrodru\u017en\u00e9 v\u00fdpravy se \u017e\u00e1ci ocitli v roli zachr\u00e1nc\u016f \u0161lechti\u010dny Johanky, kter\u00e1 byla nepr\u00e1vem obvin\u011bna z \u010darod\u011bjnictv\u00ed. Jejich \u00fakolem bylo nal\u00e9zt kl\u00ed\u010d k jej\u00ed cele a prok\u00e1zat jej\u00ed nevinu.<\/span><\/p>\n<p><span style=\"font-weight: 400;\">Rozd\u011bleni do dru\u017ein proch\u00e1zeli hradn\u00edmi komnatami, kde na n\u011b \u010dekaly r\u016fzn\u00e9 \u00fakoly, historick\u00e9 artefakty a \u0161ifry. Sezn\u00e1mili se s vlada\u0159i, pozn\u00e1vali stavebn\u00ed slohy a zji\u0161\u0165ovali, jak se \u017eilo v r\u016fzn\u00fdch historick\u00fdch obdob\u00edch. V muzeu hasi\u010dsk\u00e9 techniky si vyzkou\u0161eli, jak by zvl\u00e1dli ha\u0161en\u00ed po\u017e\u00e1r\u016f v minulosti. Dal\u0161\u00ed \u010d\u00e1st programu se odehr\u00e1vala v hradn\u00ed kapli, na n\u00e1dvo\u0159\u00ed hradu nebo i v podhrad\u00ed.\u00a0<\/span><\/p>\n<p><span style=\"font-weight: 400;\">Cel\u00fd 90 minutov\u00fd program nab\u00eddl nejen poutav\u00fd v\u00fdlet do historie, ale i spoustu z\u00e1bavy, t\u00fdmov\u00e9 spolupr\u00e1ce a praktick\u00fdch dovednost\u00ed. D\u011bti si den na hrad\u011b velmi u\u017eily a odvezly si spoustu nov\u00fdch z\u00e1\u017eitk\u016f.<\/span><\/p>\n<p><a href=\"https:\/\/www.zsnovarole.cz\/wp-content\/uploads\/2025\/05\/Vildstejn-2.jpg\"><img decoding=\"async\" loading=\"lazy\" class=\"alignnone size-medium wp-image-7948\" src=\"https:\/\/www.zsnovarole.cz\/wp-content\/uploads\/2025\/05\/Vildstejn-2-300x300.jpg\" alt=\"\" width=\"300\" height=\"300\" srcset=\"https:\/\/www.zsnovarole.cz\/wp-content\/uploads\/2025\/05\/Vildstejn-2-300x300.jpg 300w, https:\/\/www.zsnovarole.cz\/wp-content\/uploads\/2025\/05\/Vildstejn-2-1024x1024.jpg 1024w, https:\/\/www.zsnovarole.cz\/wp-content\/uploads\/2025\/05\/Vildstejn-2-150x150.jpg 150w, https:\/\/www.zsnovarole.cz\/wp-content\/uploads\/2025\/05\/Vildstejn-2-768x768.jpg 768w, https:\/\/www.zsnovarole.cz\/wp-content\/uploads\/2025\/05\/Vildstejn-2-1536x1536.jpg 1536w, https:\/\/www.zsnovarole.cz\/wp-content\/uploads\/2025\/05\/Vildstejn-2-90x90.jpg 90w, https:\/\/www.zsnovarole.cz\/wp-content\/uploads\/2025\/05\/Vildstejn-2-75x75.jpg 75w, https:\/\/www.zsnovarole.cz\/wp-content\/uploads\/2025\/05\/Vildstejn-2.jpg 1600w\" sizes=\"(max-width: 300px) 100vw, 300px\" \/><\/a> <a href=\"https:\/\/www.zsnovarole.cz\/wp-content\/uploads\/2025\/05\/Vildstejn-1.jpg\"><img decoding=\"async\" loading=\"lazy\" class=\"alignnone size-medium wp-image-7949\" src=\"https:\/\/www.zsnovarole.cz\/wp-content\/uploads\/2025\/05\/Vildstejn-1-300x300.jpg\" alt=\"\" width=\"300\" height=\"300\" srcset=\"https:\/\/www.zsnovarole.cz\/wp-content\/uploads\/2025\/05\/Vildstejn-1-300x300.jpg 300w, https:\/\/www.zsnovarole.cz\/wp-content\/uploads\/2025\/05\/Vildstejn-1-1024x1024.jpg 1024w, https:\/\/www.zsnovarole.cz\/wp-content\/uploads\/2025\/05\/Vildstejn-1-150x150.jpg 150w, https:\/\/www.zsnovarole.cz\/wp-content\/uploads\/2025\/05\/Vildstejn-1-768x768.jpg 768w, https:\/\/www.zsnovarole.cz\/wp-content\/uploads\/2025\/05\/Vildstejn-1-1536x1536.jpg 1536w, https:\/\/www.zsnovarole.cz\/wp-content\/uploads\/2025\/05\/Vildstejn-1-90x90.jpg 90w, https:\/\/www.zsnovarole.cz\/wp-content\/uploads\/2025\/05\/Vildstejn-1-75x75.jpg 75w, https:\/\/www.zsnovarole.cz\/wp-content\/uploads\/2025\/05\/Vildstejn-1.jpg 1736w\" sizes=\"(max-width: 300px) 100vw, 300px\" \/><\/a><\/p>\n","protected":false},"excerpt":{"rendered":"<p>T\u0159\u00eddy 7.A a 8.A se vydaly na pozn\u00e1vac\u00ed exkurzi na hrad Vild\u0161tejn ve Skaln\u00e9. Tato v\u00fdukov\u00e1 akce prob\u011bhla v r\u00e1mci programu s n\u00e1zvem \u201e\u00dat\u011bk z Vild\u0161tejna\u201c, jen\u017e spojil historii, dobrodru\u017estv\u00ed a t\u00fdmovou spolupr\u00e1ci do jedine\u010dn\u00e9ho z\u00e1\u017eitku. V r\u00e1mci t\u00e9to dobrodru\u017en\u00e9 v\u00fdpravy se \u017e\u00e1ci ocitli v roli zachr\u00e1nc\u016f \u0161lechti\u010dny Johanky, kter\u00e1 byla nepr\u00e1vem obvin\u011bna z \u010darod\u011bjnictv\u00ed. Jejich \u00fakolem bylo nal\u00e9zt kl\u00ed\u010d<\/p>\n","protected":false},"author":2,"featured_media":0,"comment_status":"closed","ping_status":"closed","sticky":false,"template":"","format":"standard","meta":[],"categories":[1],"tags":[],"jetpack_featured_media_url":"","_links":{"self":[{"href":"https:\/\/www.zsnovarole.cz\/index.php?rest_route=\/wp\/v2\/posts\/7947"}],"collection":[{"href":"https:\/\/www.zsnovarole.cz\/index.php?rest_route=\/wp\/v2\/posts"}],"about":[{"href":"https:\/\/www.zsnovarole.cz\/index.php?rest_route=\/wp\/v2\/types\/post"}],"author":[{"embeddable":true,"href":"https:\/\/www.zsnovarole.cz\/index.php?rest_route=\/wp\/v2\/users\/2"}],"replies":[{"embeddable":true,"href":"https:\/\/www.zsnovarole.cz\/index.php?rest_route=%2Fwp%2Fv2%2Fcomments&post=7947"}],"version-history":[{"count":1,"href":"https:\/\/www.zsnovarole.cz\/index.php?rest_route=\/wp\/v2\/posts\/7947\/revisions"}],"predecessor-version":[{"id":7951,"href":"https:\/\/www.zsnovarole.cz\/index.php?rest_route=\/wp\/v2\/posts\/7947\/revisions\/7951"}],"wp:attachment":[{"href":"https:\/\/www.zsnovarole.cz\/index.php?rest_route=%2Fwp%2Fv2%2Fmedia&parent=7947"}],"wp:term":[{"taxonomy":"category","embeddable":true,"href":"https:\/\/www.zsnovarole.cz\/index.php?rest_route=%2Fwp%2Fv2%2Fcategories&post=7947"},{"taxonomy":"post_tag","embeddable":true,"href":"https:\/\/www.zsnovarole.cz\/index.php?rest_route=%2Fwp%2Fv2%2Ftags&post=7947"}],"curies":[{"name":"wp","href":"https:\/\/api.w.org\/{rel}","templated":true}]}}