{"id":8117,"date":"2025-06-30T13:28:33","date_gmt":"2025-06-30T11:28:33","guid":{"rendered":"https:\/\/www.zsnovarole.cz\/?p=8117"},"modified":"2025-06-30T13:28:33","modified_gmt":"2025-06-30T11:28:33","slug":"vylet-do-prahy-2","status":"publish","type":"post","link":"https:\/\/www.zsnovarole.cz\/?p=8117","title":{"rendered":"V\u00fdlet do Prahy"},"content":{"rendered":"<p><span style=\"font-weight: 400;\">Ve st\u0159edu 25. 7. se t\u0159\u00eddy 7. A a 8. A vydaly na pozn\u00e1vac\u00ed v\u00fdlet do Prahy. Hned na za\u010d\u00e1tku dne nav\u0161t\u00edvili vzd\u011bl\u00e1vac\u00ed centrum <\/span><i><span style=\"font-weight: 400;\">Za\u017eijte Evropu<\/span><\/i><span style=\"font-weight: 400;\">, kde se \u017e\u00e1ci poutavou formou sezn\u00e1mili s t\u00edm, jak funguje Evropsk\u00e1 unie, jak\u00e9 jsou jej\u00ed hlavn\u00ed instituce a jak ovliv\u0148uje n\u00e1\u0161 ka\u017edodenn\u00ed \u017eivot.<\/span><\/p>\n<p><span style=\"font-weight: 400;\">Po zaj\u00edmav\u00e9m programu jsme se pro\u0161li po pra\u017esk\u00e9 n\u00e1plavce sm\u011brem do centra. Cestou jsme m\u00edjeli v\u00fdznamn\u00e9 kulturn\u00ed pam\u00e1tky, nap\u0159\u00edklad pomn\u00edk Jana Palacha, Rudolfinum \u010di N\u00e1rodn\u00ed divadlo. Na V\u00e1clavsk\u00e9m n\u00e1m\u011bst\u00ed si \u017e\u00e1ci u\u017eili kr\u00e1tk\u00fd rozchod a pot\u00e9 jsme pokra\u010dovali p\u0159es Starom\u011bstsk\u00e9 n\u00e1m\u011bst\u00ed kolem Orloje a\u017e ke Karlovu mostu. Cel\u00fd okruh jsme zakon\u010dili op\u011bt u Vltavy a vydali se zp\u011bt k autobusu.<\/span><\/p>\n<p><span style=\"font-weight: 400;\">Po\u010das\u00ed n\u00e1m p\u0159\u00e1lo a cel\u00fd den se nesl ve velmi p\u0159\u00edjemn\u00e9 atmosf\u00e9\u0159e. \u017d\u00e1ci byli skv\u011bl\u00ed \u2013 aktivn\u00ed, ohledupln\u00ed a zv\u00eddav\u00ed. D\u011bkujeme v\u0161em za bezprobl\u00e9mov\u00fd pr\u016fb\u011bh v\u00fdletu!<\/span><\/p>\n<p><a href=\"https:\/\/www.zsnovarole.cz\/wp-content\/uploads\/2025\/06\/1praha.jpg\"><img decoding=\"async\" loading=\"lazy\" class=\"alignnone size-thumbnail wp-image-8118\" src=\"https:\/\/www.zsnovarole.cz\/wp-content\/uploads\/2025\/06\/1praha-150x150.jpg\" alt=\"\" width=\"150\" height=\"150\" srcset=\"https:\/\/www.zsnovarole.cz\/wp-content\/uploads\/2025\/06\/1praha-150x150.jpg 150w, https:\/\/www.zsnovarole.cz\/wp-content\/uploads\/2025\/06\/1praha-90x90.jpg 90w, https:\/\/www.zsnovarole.cz\/wp-content\/uploads\/2025\/06\/1praha-75x75.jpg 75w\" sizes=\"(max-width: 150px) 100vw, 150px\" \/><\/a> <a href=\"https:\/\/www.zsnovarole.cz\/wp-content\/uploads\/2025\/06\/5praha.jpg\"><img decoding=\"async\" loading=\"lazy\" class=\"alignnone size-thumbnail wp-image-8119\" src=\"https:\/\/www.zsnovarole.cz\/wp-content\/uploads\/2025\/06\/5praha-150x150.jpg\" alt=\"\" width=\"150\" height=\"150\" srcset=\"https:\/\/www.zsnovarole.cz\/wp-content\/uploads\/2025\/06\/5praha-150x150.jpg 150w, https:\/\/www.zsnovarole.cz\/wp-content\/uploads\/2025\/06\/5praha-90x90.jpg 90w, https:\/\/www.zsnovarole.cz\/wp-content\/uploads\/2025\/06\/5praha-75x75.jpg 75w\" sizes=\"(max-width: 150px) 100vw, 150px\" \/><\/a> <a href=\"https:\/\/www.zsnovarole.cz\/wp-content\/uploads\/2025\/06\/4praha.jpg\"><img decoding=\"async\" loading=\"lazy\" class=\"alignnone size-thumbnail wp-image-8120\" src=\"https:\/\/www.zsnovarole.cz\/wp-content\/uploads\/2025\/06\/4praha-150x150.jpg\" alt=\"\" width=\"150\" height=\"150\" srcset=\"https:\/\/www.zsnovarole.cz\/wp-content\/uploads\/2025\/06\/4praha-150x150.jpg 150w, https:\/\/www.zsnovarole.cz\/wp-content\/uploads\/2025\/06\/4praha-90x90.jpg 90w, https:\/\/www.zsnovarole.cz\/wp-content\/uploads\/2025\/06\/4praha-75x75.jpg 75w\" sizes=\"(max-width: 150px) 100vw, 150px\" \/><\/a> <a href=\"https:\/\/www.zsnovarole.cz\/wp-content\/uploads\/2025\/06\/2praha.jpg\"><img decoding=\"async\" loading=\"lazy\" class=\"alignnone size-thumbnail wp-image-8121\" src=\"https:\/\/www.zsnovarole.cz\/wp-content\/uploads\/2025\/06\/2praha-150x150.jpg\" alt=\"\" width=\"150\" height=\"150\" srcset=\"https:\/\/www.zsnovarole.cz\/wp-content\/uploads\/2025\/06\/2praha-150x150.jpg 150w, https:\/\/www.zsnovarole.cz\/wp-content\/uploads\/2025\/06\/2praha-90x90.jpg 90w, https:\/\/www.zsnovarole.cz\/wp-content\/uploads\/2025\/06\/2praha-75x75.jpg 75w\" sizes=\"(max-width: 150px) 100vw, 150px\" \/><\/a> <a href=\"https:\/\/www.zsnovarole.cz\/wp-content\/uploads\/2025\/06\/3praha.jpg\"><img decoding=\"async\" loading=\"lazy\" class=\"alignnone size-thumbnail wp-image-8122\" src=\"https:\/\/www.zsnovarole.cz\/wp-content\/uploads\/2025\/06\/3praha-150x150.jpg\" alt=\"\" width=\"150\" height=\"150\" srcset=\"https:\/\/www.zsnovarole.cz\/wp-content\/uploads\/2025\/06\/3praha-150x150.jpg 150w, https:\/\/www.zsnovarole.cz\/wp-content\/uploads\/2025\/06\/3praha-90x90.jpg 90w, https:\/\/www.zsnovarole.cz\/wp-content\/uploads\/2025\/06\/3praha-75x75.jpg 75w\" sizes=\"(max-width: 150px) 100vw, 150px\" \/><\/a><\/p>\n","protected":false},"excerpt":{"rendered":"<p>Ve st\u0159edu 25. 7. se t\u0159\u00eddy 7. A a 8. A vydaly na pozn\u00e1vac\u00ed v\u00fdlet do Prahy. Hned na za\u010d\u00e1tku dne nav\u0161t\u00edvili vzd\u011bl\u00e1vac\u00ed centrum Za\u017eijte Evropu, kde se \u017e\u00e1ci poutavou formou sezn\u00e1mili s t\u00edm, jak funguje Evropsk\u00e1 unie, jak\u00e9 jsou jej\u00ed hlavn\u00ed instituce a jak ovliv\u0148uje n\u00e1\u0161 ka\u017edodenn\u00ed \u017eivot. Po zaj\u00edmav\u00e9m programu jsme se pro\u0161li po pra\u017esk\u00e9 n\u00e1plavce sm\u011brem do<\/p>\n","protected":false},"author":2,"featured_media":0,"comment_status":"closed","ping_status":"closed","sticky":false,"template":"","format":"standard","meta":[],"categories":[1],"tags":[],"jetpack_featured_media_url":"","_links":{"self":[{"href":"https:\/\/www.zsnovarole.cz\/index.php?rest_route=\/wp\/v2\/posts\/8117"}],"collection":[{"href":"https:\/\/www.zsnovarole.cz\/index.php?rest_route=\/wp\/v2\/posts"}],"about":[{"href":"https:\/\/www.zsnovarole.cz\/index.php?rest_route=\/wp\/v2\/types\/post"}],"author":[{"embeddable":true,"href":"https:\/\/www.zsnovarole.cz\/index.php?rest_route=\/wp\/v2\/users\/2"}],"replies":[{"embeddable":true,"href":"https:\/\/www.zsnovarole.cz\/index.php?rest_route=%2Fwp%2Fv2%2Fcomments&post=8117"}],"version-history":[{"count":1,"href":"https:\/\/www.zsnovarole.cz\/index.php?rest_route=\/wp\/v2\/posts\/8117\/revisions"}],"predecessor-version":[{"id":8123,"href":"https:\/\/www.zsnovarole.cz\/index.php?rest_route=\/wp\/v2\/posts\/8117\/revisions\/8123"}],"wp:attachment":[{"href":"https:\/\/www.zsnovarole.cz\/index.php?rest_route=%2Fwp%2Fv2%2Fmedia&parent=8117"}],"wp:term":[{"taxonomy":"category","embeddable":true,"href":"https:\/\/www.zsnovarole.cz\/index.php?rest_route=%2Fwp%2Fv2%2Fcategories&post=8117"},{"taxonomy":"post_tag","embeddable":true,"href":"https:\/\/www.zsnovarole.cz\/index.php?rest_route=%2Fwp%2Fv2%2Ftags&post=8117"}],"curies":[{"name":"wp","href":"https:\/\/api.w.org\/{rel}","templated":true}]}}