{"id":8164,"date":"2025-07-01T11:04:11","date_gmt":"2025-07-01T09:04:11","guid":{"rendered":"https:\/\/www.zsnovarole.cz\/?p=8164"},"modified":"2025-07-01T11:06:14","modified_gmt":"2025-07-01T09:06:14","slug":"8164","status":"publish","type":"post","link":"https:\/\/www.zsnovarole.cz\/?p=8164","title":{"rendered":"V\u00fdlet do Plzn\u011b"},"content":{"rendered":"<p>V \u00fater\u00fd 25. \u010dervna se \u017e\u00e1ci ze 7.A a 9.A vydali na spole\u010dn\u00fd v\u00fdlet do Plzn\u011b. C\u00edlem bylo nejen poznat nov\u00e9 m\u011bsto, ale tak\u00e9 za\u017e\u00edt n\u011bco netradi\u010dn\u00edho \u2013 a to se rozhodn\u011b poda\u0159ilo!<\/p>\n<p>Prvn\u00ed zast\u00e1vkou byl kreativn\u00ed are\u00e1l DEPO2015, kter\u00fd se v\u011bnuje street artu, designu a sou\u010dasn\u00e9mu um\u011bn\u00ed. \u017d\u00e1ci zde nejprve absolvovali \u00fanikovou hru, kter\u00e1 prov\u011b\u0159ila jejich t\u00fdmovou spolupr\u00e1ci, logick\u00e9 my\u0161len\u00ed i odvahu. Po jej\u00edm \u00fasp\u011b\u0161n\u00e9m zvl\u00e1dnut\u00ed si prohl\u00e9dli uk\u00e1zky street artu \u2013 barevn\u00e9 graffiti, origin\u00e1ln\u00ed instalace i interaktivn\u00ed v\u00fdstavy, kter\u00e9 spojovaly um\u011bn\u00ed s modern\u00edmi technologiemi.<\/p>\n<p>Po n\u00e1v\u0161t\u011bv\u011b DEPA se skupina vydala p\u011b\u0161ky pod\u00e9l \u0159eky Radbuzy sm\u011brem do centra m\u011bsta. P\u0159\u00edjemn\u00e1 proch\u00e1zka vedla a\u017e na n\u00e1m\u011bst\u00ed Republiky, kde si \u017e\u00e1ci prohl\u00e9dli katedr\u00e1lu sv. Bartolom\u011bje, jednu z nejv\u00fdznamn\u011bj\u0161\u00edch pam\u00e1tek Plzn\u011b. Nechyb\u011bla ani kr\u00e1tk\u00e1 pauza na ob\u010derstven\u00ed a prozkoum\u00e1v\u00e1n\u00ed okol\u00ed.<\/p>\n<p>V\u00fdlet do Plzn\u011b se vyda\u0159il \u2013 spojil z\u00e1bavu, kulturu i pozn\u00e1v\u00e1n\u00ed, a p\u0159inesl mnoho spole\u010dn\u00fdch z\u00e1\u017eitk\u016f, na kter\u00e9 budou \u017e\u00e1ci i u\u010ditel\u00e9 dlouho vzpom\u00ednat.<\/p>\n<p><a href=\"https:\/\/www.zsnovarole.cz\/wp-content\/uploads\/2025\/07\/1000050328-scaled.jpg\"><img decoding=\"async\" loading=\"lazy\" class=\"alignnone size-thumbnail wp-image-8165\" src=\"https:\/\/www.zsnovarole.cz\/wp-content\/uploads\/2025\/07\/1000050328-150x150.jpg\" alt=\"\" width=\"150\" height=\"150\" srcset=\"https:\/\/www.zsnovarole.cz\/wp-content\/uploads\/2025\/07\/1000050328-150x150.jpg 150w, https:\/\/www.zsnovarole.cz\/wp-content\/uploads\/2025\/07\/1000050328-90x90.jpg 90w, https:\/\/www.zsnovarole.cz\/wp-content\/uploads\/2025\/07\/1000050328-75x75.jpg 75w\" sizes=\"(max-width: 150px) 100vw, 150px\" \/><\/a> <a href=\"https:\/\/www.zsnovarole.cz\/wp-content\/uploads\/2025\/07\/1000050316-scaled.jpg\"><img decoding=\"async\" loading=\"lazy\" class=\"alignnone size-thumbnail wp-image-8166\" src=\"https:\/\/www.zsnovarole.cz\/wp-content\/uploads\/2025\/07\/1000050316-150x150.jpg\" alt=\"\" width=\"150\" height=\"150\" srcset=\"https:\/\/www.zsnovarole.cz\/wp-content\/uploads\/2025\/07\/1000050316-150x150.jpg 150w, https:\/\/www.zsnovarole.cz\/wp-content\/uploads\/2025\/07\/1000050316-90x90.jpg 90w, https:\/\/www.zsnovarole.cz\/wp-content\/uploads\/2025\/07\/1000050316-75x75.jpg 75w\" sizes=\"(max-width: 150px) 100vw, 150px\" \/><\/a> <a href=\"https:\/\/www.zsnovarole.cz\/wp-content\/uploads\/2025\/07\/1000050317-scaled.jpg\"><img decoding=\"async\" loading=\"lazy\" class=\"alignnone size-thumbnail wp-image-8167\" src=\"https:\/\/www.zsnovarole.cz\/wp-content\/uploads\/2025\/07\/1000050317-150x150.jpg\" alt=\"\" width=\"150\" height=\"150\" srcset=\"https:\/\/www.zsnovarole.cz\/wp-content\/uploads\/2025\/07\/1000050317-150x150.jpg 150w, https:\/\/www.zsnovarole.cz\/wp-content\/uploads\/2025\/07\/1000050317-90x90.jpg 90w, https:\/\/www.zsnovarole.cz\/wp-content\/uploads\/2025\/07\/1000050317-75x75.jpg 75w\" sizes=\"(max-width: 150px) 100vw, 150px\" \/><\/a><\/p>\n","protected":false},"excerpt":{"rendered":"<p>V \u00fater\u00fd 25. \u010dervna se \u017e\u00e1ci ze 7.A a 9.A vydali na spole\u010dn\u00fd v\u00fdlet do Plzn\u011b. C\u00edlem bylo nejen poznat nov\u00e9 m\u011bsto, ale tak\u00e9 za\u017e\u00edt n\u011bco netradi\u010dn\u00edho \u2013 a to se rozhodn\u011b poda\u0159ilo! Prvn\u00ed zast\u00e1vkou byl kreativn\u00ed are\u00e1l DEPO2015, kter\u00fd se v\u011bnuje street artu, designu a sou\u010dasn\u00e9mu um\u011bn\u00ed. \u017d\u00e1ci zde nejprve absolvovali \u00fanikovou hru, kter\u00e1 prov\u011b\u0159ila jejich t\u00fdmovou spolupr\u00e1ci, logick\u00e9<\/p>\n","protected":false},"author":2,"featured_media":0,"comment_status":"closed","ping_status":"closed","sticky":false,"template":"","format":"standard","meta":[],"categories":[1],"tags":[],"jetpack_featured_media_url":"","_links":{"self":[{"href":"https:\/\/www.zsnovarole.cz\/index.php?rest_route=\/wp\/v2\/posts\/8164"}],"collection":[{"href":"https:\/\/www.zsnovarole.cz\/index.php?rest_route=\/wp\/v2\/posts"}],"about":[{"href":"https:\/\/www.zsnovarole.cz\/index.php?rest_route=\/wp\/v2\/types\/post"}],"author":[{"embeddable":true,"href":"https:\/\/www.zsnovarole.cz\/index.php?rest_route=\/wp\/v2\/users\/2"}],"replies":[{"embeddable":true,"href":"https:\/\/www.zsnovarole.cz\/index.php?rest_route=%2Fwp%2Fv2%2Fcomments&post=8164"}],"version-history":[{"count":2,"href":"https:\/\/www.zsnovarole.cz\/index.php?rest_route=\/wp\/v2\/posts\/8164\/revisions"}],"predecessor-version":[{"id":8169,"href":"https:\/\/www.zsnovarole.cz\/index.php?rest_route=\/wp\/v2\/posts\/8164\/revisions\/8169"}],"wp:attachment":[{"href":"https:\/\/www.zsnovarole.cz\/index.php?rest_route=%2Fwp%2Fv2%2Fmedia&parent=8164"}],"wp:term":[{"taxonomy":"category","embeddable":true,"href":"https:\/\/www.zsnovarole.cz\/index.php?rest_route=%2Fwp%2Fv2%2Fcategories&post=8164"},{"taxonomy":"post_tag","embeddable":true,"href":"https:\/\/www.zsnovarole.cz\/index.php?rest_route=%2Fwp%2Fv2%2Ftags&post=8164"}],"curies":[{"name":"wp","href":"https:\/\/api.w.org\/{rel}","templated":true}]}}