{"id":8261,"date":"2025-10-05T21:12:12","date_gmt":"2025-10-05T19:12:12","guid":{"rendered":"https:\/\/www.zsnovarole.cz\/?p=8261"},"modified":"2025-10-05T21:12:12","modified_gmt":"2025-10-05T19:12:12","slug":"setkani-devate-tridy-s-pametnici-holokaustu","status":"publish","type":"post","link":"https:\/\/www.zsnovarole.cz\/?p=8261","title":{"rendered":"Setk\u00e1n\u00ed dev\u00e1t\u00e9 t\u0159\u00eddy s pam\u011btnic\u00ed holokaustu"},"content":{"rendered":"<p>\u017d\u00e1ci dev\u00e1t\u00e9ho ro\u010dn\u00edku m\u011bli jedine\u010dnou p\u0159\u00edle\u017eitost setkat se s pan\u00ed\u00a0Michaelou Vidl\u00e1kovou, pam\u011btnic\u00ed, kter\u00e1 p\u0159e\u017eila holokaust. B\u011bhem poutav\u00e9 p\u0159edn\u00e1\u0161ky pan\u00ed Vidl\u00e1kov\u00e1 otev\u0159ela sv\u00e9 \u017eivotn\u00ed vzpom\u00ednky a p\u0159ibl\u00ed\u017eila nejen dramatick\u00e9 ud\u00e1losti druh\u00e9 sv\u011btov\u00e9 v\u00e1lky, ale tak\u00e9 sv\u016fj osobn\u00ed p\u0159\u00edb\u011bh, odvahu a s\u00edlu, kter\u00e1 j\u00ed pomohla v\u0161e p\u0159ekonat.<\/p>\n<p>Vypr\u00e1v\u011bla o sv\u00e9m d\u011btstv\u00ed, o t\u011b\u017ek\u00fdch chv\u00edl\u00edch, kter\u00e9 musela spolu se svou rodinou pro\u017e\u00edt, i o \u017eivot\u011b po v\u00e1lce. Nechyb\u011bly ani zaj\u00edmavosti a detaily, kter\u00e9 se v u\u010debnic\u00edch \u010dasto \u017e\u00e1ci nedo\u010dtou.<\/p>\n<p>Na z\u00e1v\u011br m\u011bli \u017e\u00e1ci mo\u017enost polo\u017eit pan\u00ed Vidl\u00e1kov\u00e9 sv\u00e9 ot\u00e1zky. Diskuse byla velmi otev\u0159en\u00e1 a p\u0159inesla mnoho odpov\u011bd\u00ed, nov\u00fdch poznatk\u016f i podn\u011bt\u016f k p\u0159em\u00fd\u0161len\u00ed.<\/p>\n<p>Z p\u0159edn\u00e1\u0161ky si dev\u00e1\u0165\u00e1ci odnesli nejen spoustu nov\u00fdch informac\u00ed, ale tak\u00e9 hlubok\u00fd z\u00e1\u017eitek a d\u016fle\u017eit\u00e9 poselstv\u00ed \u2013 nezapom\u00ednat na minulost, v\u00e1\u017eit si \u017eivota v m\u00edru a sna\u017eit se b\u00fdt tolerantn\u00ed a respektuj\u00edc\u00ed k druh\u00fdm.<\/p>\n<p><a href=\"https:\/\/www.zsnovarole.cz\/wp-content\/uploads\/2025\/10\/1000064458-scaled.jpg\"><img decoding=\"async\" loading=\"lazy\" class=\"alignnone size-thumbnail wp-image-8262\" src=\"https:\/\/www.zsnovarole.cz\/wp-content\/uploads\/2025\/10\/1000064458-150x150.jpg\" alt=\"\" width=\"150\" height=\"150\" srcset=\"https:\/\/www.zsnovarole.cz\/wp-content\/uploads\/2025\/10\/1000064458-150x150.jpg 150w, https:\/\/www.zsnovarole.cz\/wp-content\/uploads\/2025\/10\/1000064458-90x90.jpg 90w, https:\/\/www.zsnovarole.cz\/wp-content\/uploads\/2025\/10\/1000064458-75x75.jpg 75w\" sizes=\"(max-width: 150px) 100vw, 150px\" \/><\/a> <a href=\"https:\/\/www.zsnovarole.cz\/wp-content\/uploads\/2025\/10\/1000064459-scaled.jpg\"><img decoding=\"async\" loading=\"lazy\" class=\"alignnone size-thumbnail wp-image-8263\" src=\"https:\/\/www.zsnovarole.cz\/wp-content\/uploads\/2025\/10\/1000064459-150x150.jpg\" alt=\"\" width=\"150\" height=\"150\" srcset=\"https:\/\/www.zsnovarole.cz\/wp-content\/uploads\/2025\/10\/1000064459-150x150.jpg 150w, https:\/\/www.zsnovarole.cz\/wp-content\/uploads\/2025\/10\/1000064459-90x90.jpg 90w, https:\/\/www.zsnovarole.cz\/wp-content\/uploads\/2025\/10\/1000064459-75x75.jpg 75w\" sizes=\"(max-width: 150px) 100vw, 150px\" \/><\/a><\/p>\n","protected":false},"excerpt":{"rendered":"<p>\u017d\u00e1ci dev\u00e1t\u00e9ho ro\u010dn\u00edku m\u011bli jedine\u010dnou p\u0159\u00edle\u017eitost setkat se s pan\u00ed\u00a0Michaelou Vidl\u00e1kovou, pam\u011btnic\u00ed, kter\u00e1 p\u0159e\u017eila holokaust. B\u011bhem poutav\u00e9 p\u0159edn\u00e1\u0161ky pan\u00ed Vidl\u00e1kov\u00e1 otev\u0159ela sv\u00e9 \u017eivotn\u00ed vzpom\u00ednky a p\u0159ibl\u00ed\u017eila nejen dramatick\u00e9 ud\u00e1losti druh\u00e9 sv\u011btov\u00e9 v\u00e1lky, ale tak\u00e9 sv\u016fj osobn\u00ed p\u0159\u00edb\u011bh, odvahu a s\u00edlu, kter\u00e1 j\u00ed pomohla v\u0161e p\u0159ekonat. Vypr\u00e1v\u011bla o sv\u00e9m d\u011btstv\u00ed, o t\u011b\u017ek\u00fdch chv\u00edl\u00edch, kter\u00e9 musela spolu se svou rodinou pro\u017e\u00edt, i<\/p>\n","protected":false},"author":2,"featured_media":0,"comment_status":"closed","ping_status":"closed","sticky":false,"template":"","format":"standard","meta":[],"categories":[1],"tags":[],"jetpack_featured_media_url":"","_links":{"self":[{"href":"https:\/\/www.zsnovarole.cz\/index.php?rest_route=\/wp\/v2\/posts\/8261"}],"collection":[{"href":"https:\/\/www.zsnovarole.cz\/index.php?rest_route=\/wp\/v2\/posts"}],"about":[{"href":"https:\/\/www.zsnovarole.cz\/index.php?rest_route=\/wp\/v2\/types\/post"}],"author":[{"embeddable":true,"href":"https:\/\/www.zsnovarole.cz\/index.php?rest_route=\/wp\/v2\/users\/2"}],"replies":[{"embeddable":true,"href":"https:\/\/www.zsnovarole.cz\/index.php?rest_route=%2Fwp%2Fv2%2Fcomments&post=8261"}],"version-history":[{"count":1,"href":"https:\/\/www.zsnovarole.cz\/index.php?rest_route=\/wp\/v2\/posts\/8261\/revisions"}],"predecessor-version":[{"id":8264,"href":"https:\/\/www.zsnovarole.cz\/index.php?rest_route=\/wp\/v2\/posts\/8261\/revisions\/8264"}],"wp:attachment":[{"href":"https:\/\/www.zsnovarole.cz\/index.php?rest_route=%2Fwp%2Fv2%2Fmedia&parent=8261"}],"wp:term":[{"taxonomy":"category","embeddable":true,"href":"https:\/\/www.zsnovarole.cz\/index.php?rest_route=%2Fwp%2Fv2%2Fcategories&post=8261"},{"taxonomy":"post_tag","embeddable":true,"href":"https:\/\/www.zsnovarole.cz\/index.php?rest_route=%2Fwp%2Fv2%2Ftags&post=8261"}],"curies":[{"name":"wp","href":"https:\/\/api.w.org\/{rel}","templated":true}]}}