{"id":8544,"date":"2026-01-05T13:38:25","date_gmt":"2026-01-05T12:38:25","guid":{"rendered":"https:\/\/www.zsnovarole.cz\/?p=8544"},"modified":"2026-01-05T13:38:25","modified_gmt":"2026-01-05T12:38:25","slug":"svetlo-prostor-a-knihy","status":"publish","type":"post","link":"https:\/\/www.zsnovarole.cz\/?p=8544","title":{"rendered":"Sv\u011btlo, prostor a knihy"},"content":{"rendered":"<p><span style=\"font-weight: 400;\">\u017d\u00e1ci t\u0159\u00eddy 7. B se v prosincov\u00e9m dopoledni z\u00fa\u010dastnili exkurze do M\u011bstsk\u00e9 knihovny v Chodov\u011b. Program se neomezil pouze na prohl\u00eddku jednotliv\u00fdch odd\u011blen\u00ed a sezn\u00e1men\u00ed se slu\u017ebami pro \u010dten\u00e1\u0159e, ale jeho hlavn\u00ed \u010d\u00e1st byla v\u011bnov\u00e1na samotn\u00e9 architektu\u0159e budovy. Knihovna, jej\u00ed\u017e n\u00e1vrh byl inspirov\u00e1n modern\u00edmi \u0161v\u00e9dsk\u00fdmi knihovnami, zaujala p\u0159edev\u0161\u00edm sv\u00fdmi prostorn\u00fdmi a vzdu\u0161n\u00fdmi interi\u00e9ry. Velk\u00e1 prosklen\u00e1 okna propou\u0161t\u011bj\u00ed do prostoru dostatek p\u0159irozen\u00e9ho sv\u011btla a vytv\u00e1\u0159ej\u00ed p\u0159\u00edjemnou atmosf\u00e9ru, ide\u00e1ln\u00ed pro \u010dten\u00ed i studium. V tomto p\u0159\u00edv\u011btiv\u00e9m prost\u0159ed\u00ed str\u00e1vili sedm\u00e1ci podn\u011btn\u00fd a p\u0159\u00edjemn\u00fd \u010das.<\/span><\/p>\n<p><a href=\"https:\/\/www.zsnovarole.cz\/wp-content\/uploads\/2026\/01\/IMG_20251218_115333-scaled.jpg\"><img decoding=\"async\" loading=\"lazy\" class=\"alignnone size-thumbnail wp-image-8545\" src=\"https:\/\/www.zsnovarole.cz\/wp-content\/uploads\/2026\/01\/IMG_20251218_115333-150x150.jpg\" alt=\"\" width=\"150\" height=\"150\" srcset=\"https:\/\/www.zsnovarole.cz\/wp-content\/uploads\/2026\/01\/IMG_20251218_115333-150x150.jpg 150w, https:\/\/www.zsnovarole.cz\/wp-content\/uploads\/2026\/01\/IMG_20251218_115333-90x90.jpg 90w, https:\/\/www.zsnovarole.cz\/wp-content\/uploads\/2026\/01\/IMG_20251218_115333-75x75.jpg 75w\" sizes=\"(max-width: 150px) 100vw, 150px\" \/><\/a> <a href=\"https:\/\/www.zsnovarole.cz\/wp-content\/uploads\/2026\/01\/IMG_20251218_113408-scaled.jpg\"><img decoding=\"async\" loading=\"lazy\" class=\"alignnone size-thumbnail wp-image-8546\" src=\"https:\/\/www.zsnovarole.cz\/wp-content\/uploads\/2026\/01\/IMG_20251218_113408-150x150.jpg\" alt=\"\" width=\"150\" height=\"150\" srcset=\"https:\/\/www.zsnovarole.cz\/wp-content\/uploads\/2026\/01\/IMG_20251218_113408-150x150.jpg 150w, https:\/\/www.zsnovarole.cz\/wp-content\/uploads\/2026\/01\/IMG_20251218_113408-90x90.jpg 90w, https:\/\/www.zsnovarole.cz\/wp-content\/uploads\/2026\/01\/IMG_20251218_113408-75x75.jpg 75w\" sizes=\"(max-width: 150px) 100vw, 150px\" \/><\/a> <a href=\"https:\/\/www.zsnovarole.cz\/wp-content\/uploads\/2026\/01\/IMG_20251218_113350-scaled.jpg\"><img decoding=\"async\" loading=\"lazy\" class=\"alignnone size-thumbnail wp-image-8547\" src=\"https:\/\/www.zsnovarole.cz\/wp-content\/uploads\/2026\/01\/IMG_20251218_113350-150x150.jpg\" alt=\"\" width=\"150\" height=\"150\" srcset=\"https:\/\/www.zsnovarole.cz\/wp-content\/uploads\/2026\/01\/IMG_20251218_113350-150x150.jpg 150w, https:\/\/www.zsnovarole.cz\/wp-content\/uploads\/2026\/01\/IMG_20251218_113350-90x90.jpg 90w, https:\/\/www.zsnovarole.cz\/wp-content\/uploads\/2026\/01\/IMG_20251218_113350-75x75.jpg 75w\" sizes=\"(max-width: 150px) 100vw, 150px\" \/><\/a><\/p>\n","protected":false},"excerpt":{"rendered":"<p>\u017d\u00e1ci t\u0159\u00eddy 7. B se v prosincov\u00e9m dopoledni z\u00fa\u010dastnili exkurze do M\u011bstsk\u00e9 knihovny v Chodov\u011b. Program se neomezil pouze na prohl\u00eddku jednotliv\u00fdch odd\u011blen\u00ed a sezn\u00e1men\u00ed se slu\u017ebami pro \u010dten\u00e1\u0159e, ale jeho hlavn\u00ed \u010d\u00e1st byla v\u011bnov\u00e1na samotn\u00e9 architektu\u0159e budovy. Knihovna, jej\u00ed\u017e n\u00e1vrh byl inspirov\u00e1n modern\u00edmi \u0161v\u00e9dsk\u00fdmi knihovnami, zaujala p\u0159edev\u0161\u00edm sv\u00fdmi prostorn\u00fdmi a vzdu\u0161n\u00fdmi interi\u00e9ry. Velk\u00e1 prosklen\u00e1 okna propou\u0161t\u011bj\u00ed do prostoru dostatek<\/p>\n","protected":false},"author":2,"featured_media":0,"comment_status":"closed","ping_status":"closed","sticky":false,"template":"","format":"standard","meta":[],"categories":[1],"tags":[],"jetpack_featured_media_url":"","_links":{"self":[{"href":"https:\/\/www.zsnovarole.cz\/index.php?rest_route=\/wp\/v2\/posts\/8544"}],"collection":[{"href":"https:\/\/www.zsnovarole.cz\/index.php?rest_route=\/wp\/v2\/posts"}],"about":[{"href":"https:\/\/www.zsnovarole.cz\/index.php?rest_route=\/wp\/v2\/types\/post"}],"author":[{"embeddable":true,"href":"https:\/\/www.zsnovarole.cz\/index.php?rest_route=\/wp\/v2\/users\/2"}],"replies":[{"embeddable":true,"href":"https:\/\/www.zsnovarole.cz\/index.php?rest_route=%2Fwp%2Fv2%2Fcomments&post=8544"}],"version-history":[{"count":1,"href":"https:\/\/www.zsnovarole.cz\/index.php?rest_route=\/wp\/v2\/posts\/8544\/revisions"}],"predecessor-version":[{"id":8548,"href":"https:\/\/www.zsnovarole.cz\/index.php?rest_route=\/wp\/v2\/posts\/8544\/revisions\/8548"}],"wp:attachment":[{"href":"https:\/\/www.zsnovarole.cz\/index.php?rest_route=%2Fwp%2Fv2%2Fmedia&parent=8544"}],"wp:term":[{"taxonomy":"category","embeddable":true,"href":"https:\/\/www.zsnovarole.cz\/index.php?rest_route=%2Fwp%2Fv2%2Fcategories&post=8544"},{"taxonomy":"post_tag","embeddable":true,"href":"https:\/\/www.zsnovarole.cz\/index.php?rest_route=%2Fwp%2Fv2%2Ftags&post=8544"}],"curies":[{"name":"wp","href":"https:\/\/api.w.org\/{rel}","templated":true}]}}