{"id":8783,"date":"2026-03-16T15:35:04","date_gmt":"2026-03-16T14:35:04","guid":{"rendered":"https:\/\/www.zsnovarole.cz\/?p=8783"},"modified":"2026-03-16T15:38:28","modified_gmt":"2026-03-16T14:38:28","slug":"8783","status":"publish","type":"post","link":"https:\/\/www.zsnovarole.cz\/?p=8783","title":{"rendered":"Nekokt\u00e1m, \u010dtu"},"content":{"rendered":"<p><span style=\"font-weight: 400;\">V\u00a0p\u00e1tek 13. b\u0159ezna se v\u00a0na\u0161\u00ed knihovn\u011b konal dal\u0161\u00ed ro\u010dn\u00edk \u010dten\u00e1\u0159sk\u00e9 sout\u011b\u017ee Nekokt\u00e1m, \u010dtu. \u017d\u00e1ci ze 4. a 5. t\u0159\u00edd si pom\u011b\u0159ili sv\u00e9 \u010dten\u00e1\u0159sk\u00e9 dovednosti. A my u\u017e zn\u00e1me leto\u0161n\u00ed v\u00edt\u011bze. Stali se jimi Ond\u0159ej Dvo\u0159\u00e1k ze 4. A a Emma Jimenez Ferrer z\u00a05. A, kte\u0159\u00ed postoupili do krajsk\u00e9ho kola v Karlov\u00fdch Varech. Pochvalu si ov\u0161em zaslou\u017e\u00ed \u00fapln\u011b v\u0161ichni. Vyhr\u00e1t m\u016f\u017ee ale jen jeden za ka\u017ed\u00fd ro\u010dn\u00edk. Moc v\u0161em \u00fa\u010dastn\u00edk\u016fm d\u011bkujeme. P\u0159ejeme jim, aby je \u010dekalo je\u0161t\u011b mnoho b\u00e1je\u010dn\u00fdch chvil str\u00e1ven\u00fdch s knihou.<\/span><\/p>\n<p><a href=\"https:\/\/www.zsnovarole.cz\/wp-content\/uploads\/2026\/03\/10d-Nekoktam-1.jpg\"><img decoding=\"async\" loading=\"lazy\" class=\"alignnone size-thumbnail wp-image-8784\" src=\"https:\/\/www.zsnovarole.cz\/wp-content\/uploads\/2026\/03\/10d-Nekoktam-1-150x150.jpg\" alt=\"\" width=\"150\" height=\"150\" srcset=\"https:\/\/www.zsnovarole.cz\/wp-content\/uploads\/2026\/03\/10d-Nekoktam-1-150x150.jpg 150w, https:\/\/www.zsnovarole.cz\/wp-content\/uploads\/2026\/03\/10d-Nekoktam-1-90x90.jpg 90w, https:\/\/www.zsnovarole.cz\/wp-content\/uploads\/2026\/03\/10d-Nekoktam-1-75x75.jpg 75w\" sizes=\"(max-width: 150px) 100vw, 150px\" \/><\/a> <a href=\"https:\/\/www.zsnovarole.cz\/wp-content\/uploads\/2026\/03\/10d-Nekoktam-2.jpg\"><img decoding=\"async\" loading=\"lazy\" class=\"alignnone size-thumbnail wp-image-8785\" src=\"https:\/\/www.zsnovarole.cz\/wp-content\/uploads\/2026\/03\/10d-Nekoktam-2-150x150.jpg\" alt=\"\" width=\"150\" height=\"150\" srcset=\"https:\/\/www.zsnovarole.cz\/wp-content\/uploads\/2026\/03\/10d-Nekoktam-2-150x150.jpg 150w, https:\/\/www.zsnovarole.cz\/wp-content\/uploads\/2026\/03\/10d-Nekoktam-2-90x90.jpg 90w, https:\/\/www.zsnovarole.cz\/wp-content\/uploads\/2026\/03\/10d-Nekoktam-2-75x75.jpg 75w\" sizes=\"(max-width: 150px) 100vw, 150px\" \/><\/a><\/p>\n","protected":false},"excerpt":{"rendered":"<p>V\u00a0p\u00e1tek 13. b\u0159ezna se v\u00a0na\u0161\u00ed knihovn\u011b konal dal\u0161\u00ed ro\u010dn\u00edk \u010dten\u00e1\u0159sk\u00e9 sout\u011b\u017ee Nekokt\u00e1m, \u010dtu. \u017d\u00e1ci ze 4. a 5. t\u0159\u00edd si pom\u011b\u0159ili sv\u00e9 \u010dten\u00e1\u0159sk\u00e9 dovednosti. A my u\u017e zn\u00e1me leto\u0161n\u00ed v\u00edt\u011bze. Stali se jimi Ond\u0159ej Dvo\u0159\u00e1k ze 4. A a Emma Jimenez Ferrer z\u00a05. A, kte\u0159\u00ed postoupili do krajsk\u00e9ho kola v Karlov\u00fdch Varech. Pochvalu si ov\u0161em zaslou\u017e\u00ed \u00fapln\u011b v\u0161ichni. Vyhr\u00e1t m\u016f\u017ee<\/p>\n","protected":false},"author":2,"featured_media":0,"comment_status":"closed","ping_status":"closed","sticky":false,"template":"","format":"standard","meta":[],"categories":[1],"tags":[],"jetpack_featured_media_url":"","_links":{"self":[{"href":"https:\/\/www.zsnovarole.cz\/index.php?rest_route=\/wp\/v2\/posts\/8783"}],"collection":[{"href":"https:\/\/www.zsnovarole.cz\/index.php?rest_route=\/wp\/v2\/posts"}],"about":[{"href":"https:\/\/www.zsnovarole.cz\/index.php?rest_route=\/wp\/v2\/types\/post"}],"author":[{"embeddable":true,"href":"https:\/\/www.zsnovarole.cz\/index.php?rest_route=\/wp\/v2\/users\/2"}],"replies":[{"embeddable":true,"href":"https:\/\/www.zsnovarole.cz\/index.php?rest_route=%2Fwp%2Fv2%2Fcomments&post=8783"}],"version-history":[{"count":2,"href":"https:\/\/www.zsnovarole.cz\/index.php?rest_route=\/wp\/v2\/posts\/8783\/revisions"}],"predecessor-version":[{"id":8787,"href":"https:\/\/www.zsnovarole.cz\/index.php?rest_route=\/wp\/v2\/posts\/8783\/revisions\/8787"}],"wp:attachment":[{"href":"https:\/\/www.zsnovarole.cz\/index.php?rest_route=%2Fwp%2Fv2%2Fmedia&parent=8783"}],"wp:term":[{"taxonomy":"category","embeddable":true,"href":"https:\/\/www.zsnovarole.cz\/index.php?rest_route=%2Fwp%2Fv2%2Fcategories&post=8783"},{"taxonomy":"post_tag","embeddable":true,"href":"https:\/\/www.zsnovarole.cz\/index.php?rest_route=%2Fwp%2Fv2%2Ftags&post=8783"}],"curies":[{"name":"wp","href":"https:\/\/api.w.org\/{rel}","templated":true}]}}