{"id":8867,"date":"2026-04-08T12:35:50","date_gmt":"2026-04-08T10:35:50","guid":{"rendered":"https:\/\/www.zsnovarole.cz\/?p=8867"},"modified":"2026-04-08T13:01:09","modified_gmt":"2026-04-08T11:01:09","slug":"dravci-a-sovy-nazivo-jedinecny-zazitek-ke-dni-ptactva","status":"publish","type":"post","link":"https:\/\/www.zsnovarole.cz\/?p=8867","title":{"rendered":"Dravci a sovy na\u017eivo: jedine\u010dn\u00fd z\u00e1\u017eitek ke Dni ptactva"},"content":{"rendered":"<p>Dne 1. dubna 2026 jsme si na na\u0161\u00ed \u0161kole p\u0159ipomn\u011bli Mezin\u00e1rodn\u00ed den ptactva, kter\u00fd je sou\u010d\u00e1st\u00ed ekologick\u00e9ho kalend\u00e1\u0159e. P\u0159i t\u00e9to p\u0159\u00edle\u017eitosti jsme p\u0159iv\u00edtali pana Jana Bro\u017ee ze Sokolnick\u00e9ho dvorce, kter\u00fd si pro na\u0161e \u017e\u00e1ky p\u0159ipravil velmi zaj\u00edmavou a poutavou p\u0159edn\u00e1\u0161ku na t\u00e9ma dravci a sovy.<\/p>\n<p>B\u011bhem programu se \u017e\u00e1ci sezn\u00e1mili s \u0159adou fascinuj\u00edc\u00edch druh\u016f pt\u00e1k\u016f. Mezi dravci byla p\u0159edstavena nap\u0159\u00edklad po\u0161tolka obecn\u00e1, sokol b\u011blohlav\u00fd, zaj\u00edmav\u00fd \u010dimango falklandsk\u00fd, kter\u00fd se na rozd\u00edl od v\u011bt\u0161iny dravc\u016f \u010dasto pohybuje po zemi, a tak\u00e9 nejrychlej\u0161\u00ed zv\u00ed\u0159e sv\u011bta \u2013 sokol st\u011bhovav\u00fd. Velk\u00fd z\u00e1jem vzbudil tak\u00e9 sup kapuc\u00edn, kter\u00fd je zn\u00e1m\u00fd jako mrcho\u017erout.<\/p>\n<p>Nem\u00e9n\u011b zaj\u00edmav\u00e1 byla uk\u00e1zka sov. \u017d\u00e1ci mohli vid\u011bt nap\u0159\u00edklad sovu p\u00e1lenou, kter\u00e1 byla v minulosti na na\u0161em \u00fazem\u00ed b\u011b\u017en\u00e1, kalouse u\u0161at\u00e9ho, pu\u0161t\u00edka obecn\u00e9ho \u010di jednoho z nejmen\u0161\u00edch druh\u016f sov \u2013 kul\u00ed\u0161ka.<\/p>\n<p>Cel\u00e1 p\u0159edn\u00e1\u0161ka byla obohacena o \u017eiv\u00e9 uk\u00e1zky. N\u011bkte\u0159\u00ed dravci i sovy l\u00e9tali nad hlavami \u017e\u00e1k\u016f, co\u017e bylo pro v\u0161echny velk\u00fdm z\u00e1\u017eitkem. Nejv\u011bt\u0161\u00ed nad\u0161en\u00ed v\u0161ak vzbudila mo\u017enost vyzkou\u0161et si, jak\u00e9 to je, kdy\u017e dravec p\u0159ilet\u00ed p\u0159\u00edmo na ruku.<\/p>\n<p>Program byl velmi pestr\u00fd, z\u00e1bavn\u00fd a z\u00e1rove\u0148 pou\u010dn\u00fd. \u017d\u00e1ci si odnesli mnoho nov\u00fdch poznatk\u016f i nezapomenuteln\u00e9 z\u00e1\u017eitky. T\u00edmto bychom cht\u011bli panu Janu Bro\u017eovi ze Sokolnick\u00e9ho dvorce srde\u010dn\u011b pod\u011bkovat za jeho n\u00e1v\u0161t\u011bvu a skv\u011blou prezentaci.<\/p>\n<p><a href=\"https:\/\/www.zsnovarole.cz\/wp-content\/uploads\/2026\/04\/IMG_9198-rotated.jpeg\"><img decoding=\"async\" loading=\"lazy\" class=\"alignnone size-thumbnail wp-image-8873\" src=\"https:\/\/www.zsnovarole.cz\/wp-content\/uploads\/2026\/04\/IMG_9198-150x150.jpeg\" alt=\"\" width=\"150\" height=\"150\" srcset=\"https:\/\/www.zsnovarole.cz\/wp-content\/uploads\/2026\/04\/IMG_9198-150x150.jpeg 150w, https:\/\/www.zsnovarole.cz\/wp-content\/uploads\/2026\/04\/IMG_9198-90x90.jpeg 90w, https:\/\/www.zsnovarole.cz\/wp-content\/uploads\/2026\/04\/IMG_9198-75x75.jpeg 75w\" sizes=\"(max-width: 150px) 100vw, 150px\" \/><\/a><\/p>\n<div style=\"width: 860px;\" class=\"wp-video\"><!--[if lt IE 9]><script>document.createElement('video');<\/script><![endif]-->\n<video class=\"wp-video-shortcode\" id=\"video-8867-1\" width=\"860\" height=\"484\" preload=\"metadata\" controls=\"controls\"><source type=\"video\/mp4\" src=\"https:\/\/www.zsnovarole.cz\/wp-content\/uploads\/2026\/04\/VID_20260401_102737714.mp4?_=1\" \/><a href=\"https:\/\/www.zsnovarole.cz\/wp-content\/uploads\/2026\/04\/VID_20260401_102737714.mp4\">https:\/\/www.zsnovarole.cz\/wp-content\/uploads\/2026\/04\/VID_20260401_102737714.mp4<\/a><\/video><\/div>\n<div style=\"width: 860px;\" class=\"wp-video\"><video class=\"wp-video-shortcode\" id=\"video-8867-2\" width=\"860\" height=\"484\" preload=\"metadata\" controls=\"controls\"><source type=\"video\/mp4\" src=\"https:\/\/www.zsnovarole.cz\/wp-content\/uploads\/2026\/04\/VID_20260401_105546478.mp4?_=2\" \/><a href=\"https:\/\/www.zsnovarole.cz\/wp-content\/uploads\/2026\/04\/VID_20260401_105546478.mp4\">https:\/\/www.zsnovarole.cz\/wp-content\/uploads\/2026\/04\/VID_20260401_105546478.mp4<\/a><\/video><\/div>\n<div style=\"width: 860px;\" class=\"wp-video\"><video class=\"wp-video-shortcode\" id=\"video-8867-3\" width=\"860\" height=\"484\" preload=\"metadata\" controls=\"controls\"><source type=\"video\/mp4\" src=\"https:\/\/www.zsnovarole.cz\/wp-content\/uploads\/2026\/04\/Vyr.mp4?_=3\" \/><a href=\"https:\/\/www.zsnovarole.cz\/wp-content\/uploads\/2026\/04\/Vyr.mp4\">https:\/\/www.zsnovarole.cz\/wp-content\/uploads\/2026\/04\/Vyr.mp4<\/a><\/video><\/div>\n","protected":false},"excerpt":{"rendered":"<p>Dne 1. dubna 2026 jsme si na na\u0161\u00ed \u0161kole p\u0159ipomn\u011bli Mezin\u00e1rodn\u00ed den ptactva, kter\u00fd je sou\u010d\u00e1st\u00ed ekologick\u00e9ho kalend\u00e1\u0159e. P\u0159i t\u00e9to p\u0159\u00edle\u017eitosti jsme p\u0159iv\u00edtali pana Jana Bro\u017ee ze Sokolnick\u00e9ho dvorce, kter\u00fd si pro na\u0161e \u017e\u00e1ky p\u0159ipravil velmi zaj\u00edmavou a poutavou p\u0159edn\u00e1\u0161ku na t\u00e9ma dravci a sovy. B\u011bhem programu se \u017e\u00e1ci sezn\u00e1mili s \u0159adou fascinuj\u00edc\u00edch druh\u016f pt\u00e1k\u016f. Mezi dravci byla p\u0159edstavena nap\u0159\u00edklad<\/p>\n","protected":false},"author":2,"featured_media":0,"comment_status":"closed","ping_status":"closed","sticky":false,"template":"","format":"standard","meta":[],"categories":[1],"tags":[],"jetpack_featured_media_url":"","_links":{"self":[{"href":"https:\/\/www.zsnovarole.cz\/index.php?rest_route=\/wp\/v2\/posts\/8867"}],"collection":[{"href":"https:\/\/www.zsnovarole.cz\/index.php?rest_route=\/wp\/v2\/posts"}],"about":[{"href":"https:\/\/www.zsnovarole.cz\/index.php?rest_route=\/wp\/v2\/types\/post"}],"author":[{"embeddable":true,"href":"https:\/\/www.zsnovarole.cz\/index.php?rest_route=\/wp\/v2\/users\/2"}],"replies":[{"embeddable":true,"href":"https:\/\/www.zsnovarole.cz\/index.php?rest_route=%2Fwp%2Fv2%2Fcomments&post=8867"}],"version-history":[{"count":3,"href":"https:\/\/www.zsnovarole.cz\/index.php?rest_route=\/wp\/v2\/posts\/8867\/revisions"}],"predecessor-version":[{"id":8874,"href":"https:\/\/www.zsnovarole.cz\/index.php?rest_route=\/wp\/v2\/posts\/8867\/revisions\/8874"}],"wp:attachment":[{"href":"https:\/\/www.zsnovarole.cz\/index.php?rest_route=%2Fwp%2Fv2%2Fmedia&parent=8867"}],"wp:term":[{"taxonomy":"category","embeddable":true,"href":"https:\/\/www.zsnovarole.cz\/index.php?rest_route=%2Fwp%2Fv2%2Fcategories&post=8867"},{"taxonomy":"post_tag","embeddable":true,"href":"https:\/\/www.zsnovarole.cz\/index.php?rest_route=%2Fwp%2Fv2%2Ftags&post=8867"}],"curies":[{"name":"wp","href":"https:\/\/api.w.org\/{rel}","templated":true}]}}