{"id":8893,"date":"2026-04-13T15:36:06","date_gmt":"2026-04-13T13:36:06","guid":{"rendered":"https:\/\/www.zsnovarole.cz\/?p=8893"},"modified":"2026-04-13T15:36:06","modified_gmt":"2026-04-13T13:36:06","slug":"ziva-kraslice","status":"publish","type":"post","link":"https:\/\/www.zsnovarole.cz\/?p=8893","title":{"rendered":"\u017div\u00e1 kraslice"},"content":{"rendered":"<div>P\u0159ed velikono\u010dn\u00edmi pr\u00e1zdninami prob\u011bhla na na\u0161\u00ed \u0161kole celo\u0161koln\u00ed akce s n\u00e1zvem \u017div\u00e1 kraslice. C\u00edlem projektu, kter\u00fd vymyslel a zorganizoval \u0161koln\u00ed parlament, bylo vytvo\u0159en\u00ed spole\u010dn\u00e9ho barevn\u00e9ho obrazce ve tvaru velikono\u010dn\u00edho vejce. Z\u00e1stupci \u0161koln\u00edho parlamentu nejprve p\u0159id\u011blili jednotliv\u00fdm t\u0159\u00edd\u00e1m z obou pavilon\u016f konkr\u00e9tn\u00ed barvy oble\u010den\u00ed. \u017d\u00e1ci i pedagogov\u00e9 se v dan\u00fd den do t\u011bchto barev obl\u00e9kli. Samotn\u00e9 focen\u00ed pro 1. stupe\u0148 prob\u011bhlo na \u0161koln\u00edm dvo\u0159e. \u017d\u00e1ci z 2. stupn\u011b se fotili na prostranstv\u00ed u \u0159eky, jeliko\u017e se je\u0161t\u011b p\u0159ed focen\u00edm rozlou\u010dili se zimou vhozen\u00edm Morany do \u0159eky.<\/p>\n<p>Aby byl v\u00fdsledek dokonal\u00fd, pot\u0159ebovali jsme n\u011bkoho, kdo n\u00e1s zachyt\u00ed z po\u0159\u00e1dn\u00e9 v\u00fd\u0161ky. T\u00e9to role se ujal pan u\u010ditel Vesel\u00fd, kter\u00fd nad \u017e\u00e1ky prolet\u011bl s dronem. D\u00edky jeho technice a na\u0161emu spole\u010dn\u00e9mu \u00fasil\u00ed vznikla unik\u00e1tn\u00ed fotografie \u201e\u017eiv\u00e9ho vaj\u00ed\u010dka\u201c, na kter\u00e9 uvid\u00edte ka\u017edou t\u0159\u00eddu jako jeden barevn\u00fd d\u00edlek skl\u00e1da\u010dky. Akce uk\u00e1zala, \u017ee kdy\u017e se jako \u0161kola spoj\u00edme, dok\u00e1\u017eeme vytvo\u0159it n\u011bco opravdu p\u011bkn\u00e9ho.<\/p><\/div>\n<div><\/div>\n<div>D\u011bkujeme v\u0161em \u017e\u00e1k\u016fm i u\u010ditel\u016fm, \u017ee se do v\u00fdzvy zapojili a poctiv\u011b dodr\u017eeli barvy.<\/p>\n<p>Parlamen\u0165\u00e1ci<\/p><\/div>\n<div><\/div>\n<div><a href=\"https:\/\/www.zsnovarole.cz\/wp-content\/uploads\/2026\/04\/dji_fly_20260331_131430_710_1774955719346_photo_optimized-scaled.jpg\"><img decoding=\"async\" loading=\"lazy\" class=\"alignnone size-thumbnail wp-image-8894\" src=\"https:\/\/www.zsnovarole.cz\/wp-content\/uploads\/2026\/04\/dji_fly_20260331_131430_710_1774955719346_photo_optimized-150x150.jpg\" alt=\"\" width=\"150\" height=\"150\" srcset=\"https:\/\/www.zsnovarole.cz\/wp-content\/uploads\/2026\/04\/dji_fly_20260331_131430_710_1774955719346_photo_optimized-150x150.jpg 150w, https:\/\/www.zsnovarole.cz\/wp-content\/uploads\/2026\/04\/dji_fly_20260331_131430_710_1774955719346_photo_optimized-90x90.jpg 90w, https:\/\/www.zsnovarole.cz\/wp-content\/uploads\/2026\/04\/dji_fly_20260331_131430_710_1774955719346_photo_optimized-75x75.jpg 75w\" sizes=\"(max-width: 150px) 100vw, 150px\" \/> <\/a><a href=\"https:\/\/www.zsnovarole.cz\/wp-content\/uploads\/2026\/04\/dji_fly_20260331_112546_685_1775066708842_photo_optimized-scaled.jpg\"><img decoding=\"async\" loading=\"lazy\" class=\"alignnone size-thumbnail wp-image-8896\" src=\"https:\/\/www.zsnovarole.cz\/wp-content\/uploads\/2026\/04\/dji_fly_20260331_112546_685_1775066708842_photo_optimized-150x150.jpg\" alt=\"\" width=\"150\" height=\"150\" srcset=\"https:\/\/www.zsnovarole.cz\/wp-content\/uploads\/2026\/04\/dji_fly_20260331_112546_685_1775066708842_photo_optimized-150x150.jpg 150w, https:\/\/www.zsnovarole.cz\/wp-content\/uploads\/2026\/04\/dji_fly_20260331_112546_685_1775066708842_photo_optimized-90x90.jpg 90w, https:\/\/www.zsnovarole.cz\/wp-content\/uploads\/2026\/04\/dji_fly_20260331_112546_685_1775066708842_photo_optimized-75x75.jpg 75w\" sizes=\"(max-width: 150px) 100vw, 150px\" \/><\/a><div style=\"width: 860px;\" class=\"wp-video\"><!--[if lt IE 9]><script>document.createElement('video');<\/script><![endif]-->\n<video class=\"wp-video-shortcode\" id=\"video-8893-1\" width=\"860\" height=\"484\" preload=\"metadata\" controls=\"controls\"><source type=\"video\/mp4\" src=\"https:\/\/www.zsnovarole.cz\/wp-content\/uploads\/2026\/04\/dji_fly_20260331_112554_686_1775066705502_video.mp4?_=1\" \/><a href=\"https:\/\/www.zsnovarole.cz\/wp-content\/uploads\/2026\/04\/dji_fly_20260331_112554_686_1775066705502_video.mp4\">https:\/\/www.zsnovarole.cz\/wp-content\/uploads\/2026\/04\/dji_fly_20260331_112554_686_1775066705502_video.mp4<\/a><\/video><\/div><\/p>\n<\/div>\n","protected":false},"excerpt":{"rendered":"<p>P\u0159ed velikono\u010dn\u00edmi pr\u00e1zdninami prob\u011bhla na na\u0161\u00ed \u0161kole celo\u0161koln\u00ed akce s n\u00e1zvem \u017div\u00e1 kraslice. C\u00edlem projektu, kter\u00fd vymyslel a zorganizoval \u0161koln\u00ed parlament, bylo vytvo\u0159en\u00ed spole\u010dn\u00e9ho barevn\u00e9ho obrazce ve tvaru velikono\u010dn\u00edho vejce. Z\u00e1stupci \u0161koln\u00edho parlamentu nejprve p\u0159id\u011blili jednotliv\u00fdm t\u0159\u00edd\u00e1m z obou pavilon\u016f konkr\u00e9tn\u00ed barvy oble\u010den\u00ed. \u017d\u00e1ci i pedagogov\u00e9 se v dan\u00fd den do t\u011bchto barev obl\u00e9kli. Samotn\u00e9 focen\u00ed pro 1. stupe\u0148 prob\u011bhlo<\/p>\n","protected":false},"author":2,"featured_media":0,"comment_status":"closed","ping_status":"closed","sticky":false,"template":"","format":"standard","meta":[],"categories":[1],"tags":[],"jetpack_featured_media_url":"","_links":{"self":[{"href":"https:\/\/www.zsnovarole.cz\/index.php?rest_route=\/wp\/v2\/posts\/8893"}],"collection":[{"href":"https:\/\/www.zsnovarole.cz\/index.php?rest_route=\/wp\/v2\/posts"}],"about":[{"href":"https:\/\/www.zsnovarole.cz\/index.php?rest_route=\/wp\/v2\/types\/post"}],"author":[{"embeddable":true,"href":"https:\/\/www.zsnovarole.cz\/index.php?rest_route=\/wp\/v2\/users\/2"}],"replies":[{"embeddable":true,"href":"https:\/\/www.zsnovarole.cz\/index.php?rest_route=%2Fwp%2Fv2%2Fcomments&post=8893"}],"version-history":[{"count":1,"href":"https:\/\/www.zsnovarole.cz\/index.php?rest_route=\/wp\/v2\/posts\/8893\/revisions"}],"predecessor-version":[{"id":8897,"href":"https:\/\/www.zsnovarole.cz\/index.php?rest_route=\/wp\/v2\/posts\/8893\/revisions\/8897"}],"wp:attachment":[{"href":"https:\/\/www.zsnovarole.cz\/index.php?rest_route=%2Fwp%2Fv2%2Fmedia&parent=8893"}],"wp:term":[{"taxonomy":"category","embeddable":true,"href":"https:\/\/www.zsnovarole.cz\/index.php?rest_route=%2Fwp%2Fv2%2Fcategories&post=8893"},{"taxonomy":"post_tag","embeddable":true,"href":"https:\/\/www.zsnovarole.cz\/index.php?rest_route=%2Fwp%2Fv2%2Ftags&post=8893"}],"curies":[{"name":"wp","href":"https:\/\/api.w.org\/{rel}","templated":true}]}}